{"id":1937,"date":"2023-03-17T15:28:22","date_gmt":"2023-03-17T14:28:22","guid":{"rendered":"http:\/\/www.larectoriadepalou.net\/?p=1937"},"modified":"2023-03-17T18:46:00","modified_gmt":"2023-03-17T17:46:00","slug":"descubreix-la-historia-del-castell-de-la-roca-del-valles","status":"publish","type":"post","link":"https:\/\/larectoriadepalou.com\/es\/descubreix-la-historia-del-castell-de-la-roca-del-valles\/","title":{"rendered":"Descubre la historia del Castillo de la Roca del Vall\u00e8s"},"content":{"rendered":"<p> El Castillo de la Roca del Vall\u00e9s tiene una larga y rica historia que se remonta a la \u00e9poca medieval. Construido en el siglo XII, el castillo fue utilizado como una fortificaci\u00f3n para proteger a la regi\u00f3n de los ataques de los enemigos.<\/p>\n\n\n\n<p>Durante la Guerra del Franc\u00e9s, el castillo fue utilizado como un fuerte militar por las tropas francesas. A lo largo de los siglos, el castillo ha sido restaurado y renovado, pero todav\u00eda conserva gran parte de su arquitectura original. <\/p>\n\n\n\n<h2 class=\"wp-block-heading\">Explora la arquitectura del Castillo de la Roca del Vall\u00e8s<\/h2>\n\n\n\n<p>La arquitectura del Castillo de la Roca del Vall\u00e9s es impresionante y refleja la rica historia de la fortificaci\u00f3n. El castillo cuenta con una torre del homenaje, una capilla y un patio de armas y est\u00e1 rodeado por un foso.<\/p>\n\n\n\n<p>La fortificaci\u00f3n cuenta tambi\u00e9n con una serie de murallas y torres que reflejan su importancia como fortificaci\u00f3n medieval. <\/p>\n\n\n\n<h3 class=\"wp-block-heading\">Visita la capilla del Castillo de la Roca del Vall\u00e9s<\/h3>\n\n\n\n<p> <br>La capilla del Castillo de la Roca del Vall\u00e9s es un lugar impresionante que data del siglo XIII. La capilla cuenta con una arquitectura rom\u00e1nica y alberga una serie de frescos y esculturas que son una muestra de la historia religiosa de la zona. <\/p>\n\n\n\n<h2 class=\"wp-block-heading\">Descubre las curiosidades del Castillo de la Roca del Vall\u00e8s<br><\/h2>\n\n\n\n<p>Una de las curiosidades del Castillo de la Roca del Vall\u00e9s es que, durante la Guerra de la Independencia, el castillo fue utilizado como un fuerte militar por las tropas francesas. Adem\u00e1s, se dice que el castillo ha sido testigo de varios eventos paranormales a lo largo de los a\u00f1os. <br><\/p>\n\n\n\n<h2 class=\"wp-block-heading\">\u00bfC\u00f3mo llegar al Castillo de la Roca del Vall\u00e9s?<\/h2>\n\n\n\n<p>El Castillo de la Roca del Vall\u00e9s se encuentra en el centro de la localidad de la Roca del Vall\u00e9s, por lo que es f\u00e1cil llegar a pie desde cualquier punto. Tambi\u00e9n se puede llegar en coche o en transporte p\u00fablico, como autobuses o trenes, y la estaci\u00f3n de tren m\u00e1s cercana es la de La Roca del Vall\u00e8s. <br><\/p>\n\n\n\n<h2 class=\"wp-block-heading\">\u00bfCu\u00e1l es el horario del Castillo de la Roca del Vall\u00e9s?<\/h2>\n\n\n\n<p>El horario del Castillo de la Roca del Vall\u00e9s var\u00eda seg\u00fan la temporada, por lo que es recomendable consultar los horarios actualizados en la p\u00e1gina web oficial. <br><\/p>\n\n\n\n<h2 class=\"wp-block-heading\">\u00bfCu\u00e1ndo cuesta la entrada al Castillo de la Roca del Vall\u00e9s?<\/h2>\n\n\n\n<p>El precio de la entrada en el Castillo de la Roca del Vall\u00e9s tambi\u00e9n var\u00eda seg\u00fan la temporada, por lo que es recomendable consultar los precios actualizados en la p\u00e1gina web oficial. <br><\/p>\n\n\n\n<h4 class=\"wp-block-heading\">\u00bfSe ofrecen visitas guiadas al Castillo de la Roca del Vall\u00e8s?<\/h4>\n\n\n\n<p>S\u00ed, se ofrecen visitas guiadas al Castillo de la Roca del Vall\u00e9s para grupos concertados previamente. Estas visitas son una excelente manera de conocer la historia y la arquitectura del castillo de una manera m\u00e1s detallada. <br><\/p>\n\n\n\n<h4 class=\"wp-block-heading\">\u00bfHay alg\u00fan evento especial en el Castillo de la Roca del Vall\u00e9s?<\/h4>\n\n\n\n<p>S\u00ed, el Castillo de la Roca del Vall\u00e9s acoge una serie de eventos y actividades a lo largo del a\u00f1o, como conciertos, espect\u00e1culos de teatro y festivales medievales. Estos eventos son una excelente manera de conocer la cultura y la historia de la zona. <\/p>\n\n\n\n<h3 class=\"wp-block-heading\">\u00bfQuieres visitar el Castillo de la Roca del Vall\u00e9s y est\u00e1s buscando un sitio para comer cerca?<\/h3>\n\n\n\n<p>\u00a1<a rel=\"noreferrer noopener\" href=\"https:\/\/larectoriadepalou.com\/es\/\" target=\"_blank\">La Rector\u00eda de Palou<\/a> es el sitio perfecto para ti! Este encantador restaurante se encuentra  <a rel=\"noreferrer noopener\" aria-label=\"a s\u00f3lo 11 minutos en coche de APAG (opens in a new tab)\" href=\"https:\/\/www.google.com\/maps\/dir\/Castillo+de+La+Roca+del+Vall%C3%A8s,+Carrer+de+la+Verge+de+Montserrat,+72,+08430+La+Roca+del+Vall%C3%A8s,+Barcelona\/Restaurant+la+Rectoria+de+Palou,+Passeig+Francesc+F%C3%A0bregas,+Granollers\/@41.5859768,2.2928193,14z\/data=!3m1!4b1!4m14!4m13!1m5!1m1!1s0x12a4c83beab5dd93:0x26718471b36c6262!2m2!1d2.3282533!2d41.5914287!1m5!1m1!1s0x12a4c78d0c252aa5:0xac3e034ecd354657!2m2!1d2.2792915!2d41.5862544!3e0\" target=\"_blank\">a s\u00f3lo 11 minutos en coche de APAG<\/a>, lo que le convierte en el lugar ideal para una parada despu\u00e9s de visitar el castillo.<\/p>\n\n\n\n<p>En La Rector\u00eda de Palou, podr\u00e1s disfrutar de una <a rel=\"noreferrer noopener\" href=\"https:\/\/www.google.es\/maps\/place\/Restaurant+la+Rectoria+de+Palou\/@41.5862584,2.2771028,17z\/data=!4m8!3m7!1s0x12a4c78d0c252aa5:0xac3e034ecd354657!8m2!3d41.5862544!4d2.2792915!9m1!1b1!16s%2Fg%2F1tz7qzf8?hl=es\" target=\"_blank\">deliciosa comida<\/a> en un entorno impresionante. Este restaurante es conocido por su <strong>cocina de alta calidad<\/strong> y sus <strong>hermosos jardines<\/strong>, que le permitir\u00e1n relajarse despu\u00e9s de un d\u00eda emocionante en el castillo. Y si le preocupa la sostenibilidad, estar\u00e1 feliz de saber que La Rector\u00eda de Palou utiliza productos locales y de temporada siempre que es posible.<\/p>\n\n\n\n<p>\u00bfQu\u00e9 esperas para visitar La Rector\u00eda de Palou? Disfruta de una experiencia \u00fanica en un sitio impresionante y apoya a los negocios locales al mismo tiempo. \u00a1Te esperan! Y recuerda, est\u00e1n a s\u00f3lo 11 minutos en coche del Castillo de la Roca del Vall\u00e9s.<\/p>\n\n\n\n<h2 class=\"wp-block-heading\">Conclusi\u00f3n<\/h2>\n\n\n\n<p>El Castillo de la Roca del Vall\u00e9s es una impresionante fortificaci\u00f3n que refleja la rica historia y arquitectura de la regi\u00f3n del Vall\u00e8s Oriental. Con la torre del homenaje, la capilla y las murallas, el castillo es una impresionante muestra de la arquitectura medieval. Adem\u00e1s, la localidad de La Roca del Vall\u00e9s ofrece una serie de actividades y eventos que complementan la visita al castillo. Si buscas una manera de conocer la historia y la cultura de la zona, no dudes en visitar el Castillo de La Roca del Vall\u00e8s. <\/p>","protected":false},"excerpt":{"rendered":"<p>Descubre la belleza y la historia del Castillo de la Roca del Vall\u00e9s en nuestro art\u00edculo. Situado en una colina rodeada de naturaleza, este castillo medieval ofrece vistas impresionantes panor\u00e1micas y es un ejemplo destacado de la arquitectura defensiva de la Edad Media. En nuestro art\u00edculo, te contamos todo sobre sus or\u00edgenes, su evoluci\u00f3n y su importancia en la regi\u00f3n. Admira los detalles arquitect\u00f3nicos y sum\u00e9rgete en la historia de este tesoro arquitect\u00f3nico. Si eres un amante de la historia, la arquitectura y los paisajes impresionantes, no podr\u00e1s perderte este art\u00edculo sobre el Castillo de la Roca del Vall\u00e9s.<\/p>","protected":false},"author":2,"featured_media":1938,"comment_status":"open","ping_status":"open","sticky":false,"template":"","format":"standard","meta":{"_mi_skip_tracking":false,"_monsterinsights_sitenote_active":false,"_monsterinsights_sitenote_note":"","_monsterinsights_sitenote_category":0,"site-sidebar-layout":"default","site-content-layout":"default","ast-global-header-display":"","ast-banner-title-visibility":"","ast-main-header-display":"","ast-hfb-above-header-display":"","ast-hfb-below-header-display":"","ast-hfb-mobile-header-display":"","site-post-title":"","ast-breadcrumbs-content":"","ast-featured-img":"","footer-sml-layout":"","theme-transparent-header-meta":"","adv-header-id-meta":"","stick-header-meta":"","header-above-stick-meta":"","header-main-stick-meta":"","header-below-stick-meta":""},"categories":[1],"tags":[],"yoast_head":"<!-- This site is optimized with the Yoast SEO plugin v21.1 - https:\/\/yoast.com\/wordpress\/plugins\/seo\/ -->\n<title>Descobreix la hist\u00f2ria del Castell de la Roca del Vall\u00e8s<\/title>\n<meta name=\"description\" content=\"Descobreix la hist\u00f2ria del Castell de la Roca del Vall\u00e8s. Un impressionant castell medieval amb vistes panor\u00e0miques. Llegeix el nostre article ara!\" \/>\n<meta name=\"robots\" content=\"index, follow, max-snippet:-1, max-image-preview:large, max-video-preview:-1\" \/>\n<link rel=\"canonical\" href=\"https:\/\/larectoriadepalou.com\/es\/descubreix-la-historia-del-castell-de-la-roca-del-valles\/\" \/>\n<meta property=\"og:locale\" content=\"es_ES\" \/>\n<meta property=\"og:type\" content=\"article\" \/>\n<meta property=\"og:title\" content=\"Descobreix la hist\u00f2ria del Castell de la Roca del Vall\u00e8s\" \/>\n<meta property=\"og:description\" content=\"Descobreix la hist\u00f2ria del Castell de la Roca del Vall\u00e8s. Un impressionant castell medieval amb vistes panor\u00e0miques. Llegeix el nostre article ara!\" \/>\n<meta property=\"og:url\" content=\"https:\/\/larectoriadepalou.com\/es\/descubreix-la-historia-del-castell-de-la-roca-del-valles\/\" \/>\n<meta property=\"article:published_time\" content=\"2023-03-17T14:28:22+00:00\" \/>\n<meta property=\"article:modified_time\" content=\"2023-03-17T17:46:00+00:00\" \/>\n<meta property=\"og:image\" content=\"https:\/\/larectoriadepalou.com\/wp-content\/uploads\/castell-la-roca-del-valles.jpg\" \/>\n\t<meta property=\"og:image:width\" content=\"736\" \/>\n\t<meta property=\"og:image:height\" content=\"504\" \/>\n\t<meta property=\"og:image:type\" content=\"image\/jpeg\" \/>\n<meta name=\"author\" content=\"La Rectoria de Palou\" \/>\n<meta name=\"twitter:label1\" content=\"Escrito por\" \/>\n\t<meta name=\"twitter:data1\" content=\"La Rectoria de Palou\" \/>\n\t<meta name=\"twitter:label2\" content=\"Tiempo de lectura\" \/>\n\t<meta name=\"twitter:data2\" content=\"4 minutos\" \/>\n<script type=\"application\/ld+json\" class=\"yoast-schema-graph\">{\"@context\":\"https:\/\/schema.org\",\"@graph\":[{\"@type\":\"WebPage\",\"@id\":\"https:\/\/larectoriadepalou.com\/descubreix-la-historia-del-castell-de-la-roca-del-valles\/\",\"url\":\"https:\/\/larectoriadepalou.com\/descubreix-la-historia-del-castell-de-la-roca-del-valles\/\",\"name\":\"Descobreix la hist\u00f2ria del Castell de la Roca del Vall\u00e8s\",\"isPartOf\":{\"@id\":\"https:\/\/larectoriadepalou.com\/#website\"},\"datePublished\":\"2023-03-17T14:28:22+00:00\",\"dateModified\":\"2023-03-17T17:46:00+00:00\",\"author\":{\"@id\":\"https:\/\/larectoriadepalou.com\/#\/schema\/person\/de7d6c25e2c90e355672ac59146e33a1\"},\"description\":\"Descobreix la hist\u00f2ria del Castell de la Roca del Vall\u00e8s. Un impressionant castell medieval amb vistes panor\u00e0miques. Llegeix el nostre article ara!\",\"breadcrumb\":{\"@id\":\"https:\/\/larectoriadepalou.com\/descubreix-la-historia-del-castell-de-la-roca-del-valles\/#breadcrumb\"},\"inLanguage\":\"es\",\"potentialAction\":[{\"@type\":\"ReadAction\",\"target\":[\"https:\/\/larectoriadepalou.com\/descubreix-la-historia-del-castell-de-la-roca-del-valles\/\"]}]},{\"@type\":\"BreadcrumbList\",\"@id\":\"https:\/\/larectoriadepalou.com\/descubreix-la-historia-del-castell-de-la-roca-del-valles\/#breadcrumb\",\"itemListElement\":[{\"@type\":\"ListItem\",\"position\":1,\"name\":\"Home\",\"item\":\"https:\/\/larectoriadepalou.com\/\"},{\"@type\":\"ListItem\",\"position\":2,\"name\":\"Descobreix la hist\u00f2ria del Castell de la Roca del Vall\u00e8s\"}]},{\"@type\":\"WebSite\",\"@id\":\"https:\/\/larectoriadepalou.com\/#website\",\"url\":\"https:\/\/larectoriadepalou.com\/\",\"name\":\"\",\"description\":\"Restaurant la Rectoria de Palou, Granollers, cuina de mercat amb productes de proximitat\",\"potentialAction\":[{\"@type\":\"SearchAction\",\"target\":{\"@type\":\"EntryPoint\",\"urlTemplate\":\"https:\/\/larectoriadepalou.com\/?s={search_term_string}\"},\"query-input\":\"required name=search_term_string\"}],\"inLanguage\":\"es\"},{\"@type\":\"Person\",\"@id\":\"https:\/\/larectoriadepalou.com\/#\/schema\/person\/de7d6c25e2c90e355672ac59146e33a1\",\"name\":\"La Rectoria de Palou\",\"image\":{\"@type\":\"ImageObject\",\"inLanguage\":\"es\",\"@id\":\"https:\/\/larectoriadepalou.com\/#\/schema\/person\/image\/\",\"url\":\"https:\/\/secure.gravatar.com\/avatar\/d35d3f652d83da202b97147fa857ee5d?s=96&d=mm&r=g\",\"contentUrl\":\"https:\/\/secure.gravatar.com\/avatar\/d35d3f652d83da202b97147fa857ee5d?s=96&d=mm&r=g\",\"caption\":\"La Rectoria de Palou\"},\"sameAs\":[\"http:\/\/localhost\/\"],\"url\":\"https:\/\/larectoriadepalou.com\/es\/author\/quico\/\"}]}<\/script>\n<!-- \/ Yoast SEO plugin. -->","yoast_head_json":{"title":"Descobreix la hist\u00f2ria del Castell de la Roca del Vall\u00e8s","description":"Descobreix la hist\u00f2ria del Castell de la Roca del Vall\u00e8s. Un impressionant castell medieval amb vistes panor\u00e0miques. Llegeix el nostre article ara!","robots":{"index":"index","follow":"follow","max-snippet":"max-snippet:-1","max-image-preview":"max-image-preview:large","max-video-preview":"max-video-preview:-1"},"canonical":"https:\/\/larectoriadepalou.com\/es\/descubreix-la-historia-del-castell-de-la-roca-del-valles\/","og_locale":"es_ES","og_type":"article","og_title":"Descobreix la hist\u00f2ria del Castell de la Roca del Vall\u00e8s","og_description":"Descobreix la hist\u00f2ria del Castell de la Roca del Vall\u00e8s. Un impressionant castell medieval amb vistes panor\u00e0miques. Llegeix el nostre article ara!","og_url":"https:\/\/larectoriadepalou.com\/es\/descubreix-la-historia-del-castell-de-la-roca-del-valles\/","article_published_time":"2023-03-17T14:28:22+00:00","article_modified_time":"2023-03-17T17:46:00+00:00","og_image":[{"width":736,"height":504,"url":"https:\/\/larectoriadepalou.com\/wp-content\/uploads\/castell-la-roca-del-valles.jpg","type":"image\/jpeg"}],"author":"La Rectoria de Palou","twitter_misc":{"Escrito por":"La Rectoria de Palou","Tiempo de lectura":"4 minutos"},"schema":{"@context":"https:\/\/schema.org","@graph":[{"@type":"WebPage","@id":"https:\/\/larectoriadepalou.com\/descubreix-la-historia-del-castell-de-la-roca-del-valles\/","url":"https:\/\/larectoriadepalou.com\/descubreix-la-historia-del-castell-de-la-roca-del-valles\/","name":"Descobreix la hist\u00f2ria del Castell de la Roca del Vall\u00e8s","isPartOf":{"@id":"https:\/\/larectoriadepalou.com\/#website"},"datePublished":"2023-03-17T14:28:22+00:00","dateModified":"2023-03-17T17:46:00+00:00","author":{"@id":"https:\/\/larectoriadepalou.com\/#\/schema\/person\/de7d6c25e2c90e355672ac59146e33a1"},"description":"Descobreix la hist\u00f2ria del Castell de la Roca del Vall\u00e8s. Un impressionant castell medieval amb vistes panor\u00e0miques. Llegeix el nostre article ara!","breadcrumb":{"@id":"https:\/\/larectoriadepalou.com\/descubreix-la-historia-del-castell-de-la-roca-del-valles\/#breadcrumb"},"inLanguage":"es","potentialAction":[{"@type":"ReadAction","target":["https:\/\/larectoriadepalou.com\/descubreix-la-historia-del-castell-de-la-roca-del-valles\/"]}]},{"@type":"BreadcrumbList","@id":"https:\/\/larectoriadepalou.com\/descubreix-la-historia-del-castell-de-la-roca-del-valles\/#breadcrumb","itemListElement":[{"@type":"ListItem","position":1,"name":"Home","item":"https:\/\/larectoriadepalou.com\/"},{"@type":"ListItem","position":2,"name":"Descobreix la hist\u00f2ria del Castell de la Roca del Vall\u00e8s"}]},{"@type":"WebSite","@id":"https:\/\/larectoriadepalou.com\/#website","url":"https:\/\/larectoriadepalou.com\/","name":"","description":"Restaurant la Rectoria de Palou, Granollers, cuina de mercat amb productes de proximitat","potentialAction":[{"@type":"SearchAction","target":{"@type":"EntryPoint","urlTemplate":"https:\/\/larectoriadepalou.com\/?s={search_term_string}"},"query-input":"required name=search_term_string"}],"inLanguage":"es"},{"@type":"Person","@id":"https:\/\/larectoriadepalou.com\/#\/schema\/person\/de7d6c25e2c90e355672ac59146e33a1","name":"La Rectoria de Palou","image":{"@type":"ImageObject","inLanguage":"es","@id":"https:\/\/larectoriadepalou.com\/#\/schema\/person\/image\/","url":"https:\/\/secure.gravatar.com\/avatar\/d35d3f652d83da202b97147fa857ee5d?s=96&d=mm&r=g","contentUrl":"https:\/\/secure.gravatar.com\/avatar\/d35d3f652d83da202b97147fa857ee5d?s=96&d=mm&r=g","caption":"La Rectoria de Palou"},"sameAs":["http:\/\/localhost\/"],"url":"https:\/\/larectoriadepalou.com\/es\/author\/quico\/"}]}},"_links":{"self":[{"href":"https:\/\/larectoriadepalou.com\/es\/wp-json\/wp\/v2\/posts\/1937"}],"collection":[{"href":"https:\/\/larectoriadepalou.com\/es\/wp-json\/wp\/v2\/posts"}],"about":[{"href":"https:\/\/larectoriadepalou.com\/es\/wp-json\/wp\/v2\/types\/post"}],"author":[{"embeddable":true,"href":"https:\/\/larectoriadepalou.com\/es\/wp-json\/wp\/v2\/users\/2"}],"replies":[{"embeddable":true,"href":"https:\/\/larectoriadepalou.com\/es\/wp-json\/wp\/v2\/comments?post=1937"}],"version-history":[{"count":5,"href":"https:\/\/larectoriadepalou.com\/es\/wp-json\/wp\/v2\/posts\/1937\/revisions"}],"predecessor-version":[{"id":1968,"href":"https:\/\/larectoriadepalou.com\/es\/wp-json\/wp\/v2\/posts\/1937\/revisions\/1968"}],"wp:featuredmedia":[{"embeddable":true,"href":"https:\/\/larectoriadepalou.com\/es\/wp-json\/wp\/v2\/media\/1938"}],"wp:attachment":[{"href":"https:\/\/larectoriadepalou.com\/es\/wp-json\/wp\/v2\/media?parent=1937"}],"wp:term":[{"taxonomy":"category","embeddable":true,"href":"https:\/\/larectoriadepalou.com\/es\/wp-json\/wp\/v2\/categories?post=1937"},{"taxonomy":"post_tag","embeddable":true,"href":"https:\/\/larectoriadepalou.com\/es\/wp-json\/wp\/v2\/tags?post=1937"}],"curies":[{"name":"wp","href":"https:\/\/api.w.org\/{rel}","templated":true}]}}