{"id":1977,"date":"2023-04-21T14:01:19","date_gmt":"2023-04-21T12:01:19","guid":{"rendered":"http:\/\/www.larectoriadepalou.net\/?p=1977"},"modified":"2023-04-21T14:01:20","modified_gmt":"2023-04-21T12:01:20","slug":"descubre-la-historia-de-la-ermita-de-sant-marti-del-montseny","status":"publish","type":"post","link":"https:\/\/larectoriadepalou.com\/es\/descubre-la-historia-de-la-ermita-de-sant-marti-del-montseny\/?lang=es","title":{"rendered":"\u00a0Descubre la historia de la Ermita de San Mart\u00edn del Montseny"},"content":{"rendered":"<p>La Ermita de San Mart\u00edn del Montseny tiene una larga y rica historia que se remonta a la \u00e9poca medieval. Construida en el siglo XIII, la ermita fue utilizada como lugar de culto y meditaci\u00f3n para los habitantes de la zona. Durante la Guerra de la Independencia, la ermita fue utilizada como refugio por los habitantes del Montseny. A lo largo de los siglos, la ermita ha sido restaurada y renovada, pero todav\u00eda conserva gran parte de su arquitectura original.<\/p>\n\n\n\n<h2 class=\"wp-block-heading\">Explora la arquitectura de la Ermita de San Mart\u00edn del Montseny<\/h2>\n\n\n\n<p>La arquitectura de la Ermita de San Mart\u00edn del Montseny es impresionante y refleja la rica historia de la zona. La ermita cuenta con una nave central, una capilla lateral y un campanario. Su arquitectura rom\u00e1nica y g\u00f3tica es impresionante y refleja la importancia religiosa de la ermita en la zona.<\/p>\n\n\n\n<h3 class=\"wp-block-heading\">Visita la capilla lateral de la Ermita de San Mart\u00edn del Montseny<\/h3>\n\n\n\n<p>La capilla lateral de la Ermita de San Mart\u00edn del Montseny es un lugar impresionante que data del siglo XIII. La capilla cuenta con una arquitectura g\u00f3tica y alberga una serie de frescos y esculturas que son una muestra de la historia religiosa de la zona.<\/p>\n\n\n\n<h2 class=\"wp-block-heading\">Descubre las curiosidades de la Ermita de San Mart\u00edn del Montseny<\/h2>\n\n\n\n<p>Una de las curiosidades de la Ermita de San Mart\u00edn del Montseny es que, durante la Guerra de la Independencia, la ermita fue utilizada como refugio por los habitantes del Montseny. Adem\u00e1s, se dice que la ermita ha sido testigo de varios sucesos paranormales al largo de los a\u00f1os.<\/p>\n\n\n\n<h2 class=\"wp-block-heading\">\u00bfC\u00f3mo llegar a la Ermita de San Mart\u00edn del Montseny?<\/h2>\n\n\n\n<p>La Ermita de San Mart\u00edn del Montseny se encuentra en el centro de la localidad de San Mart\u00edn de Montseny, por lo que es f\u00e1cil legar a pie desde cualquier punto. Tambi\u00e9n se puede legar en coche o en transporte p\u00fablico, como autobuses o trenes, y la estaci\u00f3n de tren m\u00e1s cercana es la de Sant Celoni.<\/p>\n\n\n\n<h2 class=\"wp-block-heading\">\u00bfCu\u00e1l es el horario de la Ermita de Sant Mart\u00ed del Montseny?<\/h2>\n\n\n\n<p>El horario de la Ermita de San Mart\u00edn del Montseny var\u00eda seg\u00fan la temporada, por lo que es recomendable consultar los horarios actualizados en la p\u00e1gina web oficial.<\/p>\n\n\n\n<h2 class=\"wp-block-heading\">\u00bfCu\u00e1nto cuesta la entrada en la Ermita de Sant Mart\u00ed del Montseny?<\/h2>\n\n\n\n<p>La entrada a la Ermita de San Mart\u00edn del Montseny es gratuita para los visitantes.<\/p>\n\n\n\n<h4 class=\"wp-block-heading\">\u00bfSe ofrecen visitas guiadas en la Ermita de Sant Mart\u00ed del Montseny?<\/h4>\n\n\n\n<p>S\u00ed, se ofrecen visitas guiadas en la Ermita de San Mart\u00edn del Montseny para grupos previamente concertados. Estas visitas son una excelente manera de conocer la historia y la arquitectura de la ermita de forma m\u00e1s detallada.<\/p>\n\n\n\n<h4 class=\"wp-block-heading\">\u00bfHay alg\u00fan evento especial en la Ermita de Sant Mart\u00ed del Montseny?<\/h4>\n\n\n\n<p>S\u00ed, la Ermita de San Mart\u00edn del Montseny acoge una serie de eventos y actividades a lo largo del a\u00f1o, como conciertos, espect\u00e1culos de teatro y festivales religiosos. Estos eventos son una excelente manera de conocer la cultura y la historia de la zona.<\/p>\n\n\n\n<h4 class=\"wp-block-heading\">\u00bfEs la Ermita de San Mart\u00edn del Montseny accesible para personas con movilidad reducida?<\/h4>\n\n\n\n<p>S\u00ed, la Ermita de San Mart\u00edn del Montseny es accesible para personas con movilidad reducida, ya que cuenta con rampas y accesos adecuados para sillas de ruedas.<\/p>\n\n\n\n<p>Conclusi\u00f3n<\/p>\n\n\n\n<p>La Ermita de San Mart\u00edn del Montseny es un lugar impresionante que refleja la rica historia y arquitectura de la regi\u00f3n del Montseny. Con su nave central, su capilla lateral y su campanario, la ermita es una muestra impresionante de la arquitectura medieval. Adem\u00e1s, la localidad de Sant Mart\u00ed de Montseny ofrece una serie de actividades y eventos que complementan la visita a la ermita. Si est\u00e1s buscando una forma de conocer la historia y la cultura de la zona, no dudes en visitar la Ermita de Sant Mart\u00ed del Montseny.<\/p>","protected":false},"excerpt":{"rendered":"<p>La Ermita de Sant Mart\u00ed del Montseny es uno de los monumentos m\u00e1s emblem\u00e1ticos de la comarca catalana de Osona. Esta joya de la arquitectura religiosa data del siglo XI y ha sido testigo de importantes acontecimientos hist\u00f3ricos y culturales a lo largo de los a\u00f1os. En este art\u00edculo, exploraremos su fascinante historia y descubriremos c\u00f3mo esta peque\u00f1a ermita se ha convertido en un s\u00edmbolo de la identidad y las tradiciones de la regi\u00f3n. Adem\u00e1s, conocer\u00e1s los secretos de su arquitectura y su importancia en el turismo rural y de senderismo en el Parque Natural del Montseny.<\/p>","protected":false},"author":2,"featured_media":1979,"comment_status":"open","ping_status":"open","sticky":false,"template":"","format":"standard","meta":{"_mi_skip_tracking":false,"_monsterinsights_sitenote_active":false,"_monsterinsights_sitenote_note":"","_monsterinsights_sitenote_category":0,"site-sidebar-layout":"default","site-content-layout":"default","ast-global-header-display":"","ast-banner-title-visibility":"","ast-main-header-display":"","ast-hfb-above-header-display":"","ast-hfb-below-header-display":"","ast-hfb-mobile-header-display":"","site-post-title":"","ast-breadcrumbs-content":"","ast-featured-img":"","footer-sml-layout":"","theme-transparent-header-meta":"","adv-header-id-meta":"","stick-header-meta":"","header-above-stick-meta":"","header-main-stick-meta":"","header-below-stick-meta":""},"categories":[],"tags":[],"yoast_head":"<!-- This site is optimized with the Yoast SEO plugin v21.1 - https:\/\/yoast.com\/wordpress\/plugins\/seo\/ -->\n<title>\u00a0Descubre la historia de la Ermita de Sant Mart\u00ed del Montseny<\/title>\n<meta name=\"description\" content=\"Descubre la historia de la Ermita de Sant Mart\u00ed del Montseny y su papel en la cultura y tradiciones de la regi\u00f3n. Descubre m\u00e1s aqu\u00ed.\" \/>\n<meta name=\"robots\" content=\"index, follow, max-snippet:-1, max-image-preview:large, max-video-preview:-1\" \/>\n<link rel=\"canonical\" href=\"https:\/\/larectoriadepalou.com\/es\/descubre-la-historia-de-la-ermita-de-sant-marti-del-montseny\/?lang=es\" \/>\n<meta property=\"og:locale\" content=\"es_ES\" \/>\n<meta property=\"og:type\" content=\"article\" \/>\n<meta property=\"og:title\" content=\"\u00a0Descubre la historia de la Ermita de Sant Mart\u00ed del Montseny\" \/>\n<meta property=\"og:description\" content=\"Descubre la historia de la Ermita de Sant Mart\u00ed del Montseny y su papel en la cultura y tradiciones de la regi\u00f3n. Descubre m\u00e1s aqu\u00ed.\" \/>\n<meta property=\"og:url\" content=\"https:\/\/larectoriadepalou.com\/es\/descubre-la-historia-de-la-ermita-de-sant-marti-del-montseny\/?lang=es\" \/>\n<meta property=\"article:published_time\" content=\"2023-04-21T12:01:19+00:00\" \/>\n<meta property=\"article:modified_time\" content=\"2023-04-21T12:01:20+00:00\" \/>\n<meta property=\"og:image\" content=\"https:\/\/larectoriadepalou.com\/wp-content\/uploads\/la-rectoria-de-palou-emita-sant-marti-montseny-imatge-1.jpg\" \/>\n\t<meta property=\"og:image:width\" content=\"1000\" \/>\n\t<meta property=\"og:image:height\" content=\"667\" \/>\n\t<meta property=\"og:image:type\" content=\"image\/jpeg\" \/>\n<meta name=\"author\" content=\"La Rectoria de Palou\" \/>\n<meta name=\"twitter:label1\" content=\"Escrito por\" \/>\n\t<meta name=\"twitter:data1\" content=\"La Rectoria de Palou\" \/>\n\t<meta name=\"twitter:label2\" content=\"Tiempo de lectura\" \/>\n\t<meta name=\"twitter:data2\" content=\"3 minutos\" \/>\n<script type=\"application\/ld+json\" class=\"yoast-schema-graph\">{\"@context\":\"https:\/\/schema.org\",\"@graph\":[{\"@type\":\"WebPage\",\"@id\":\"https:\/\/larectoriadepalou.com\/descubre-la-historia-de-la-ermita-de-sant-marti-del-montseny\/?lang=es\",\"url\":\"https:\/\/larectoriadepalou.com\/descubre-la-historia-de-la-ermita-de-sant-marti-del-montseny\/?lang=es\",\"name\":\"\u00a0Descubre la historia de la Ermita de Sant Mart\u00ed del Montseny\",\"isPartOf\":{\"@id\":\"https:\/\/larectoriadepalou.com\/#website\"},\"datePublished\":\"2023-04-21T12:01:19+00:00\",\"dateModified\":\"2023-04-21T12:01:20+00:00\",\"author\":{\"@id\":\"https:\/\/larectoriadepalou.com\/#\/schema\/person\/de7d6c25e2c90e355672ac59146e33a1\"},\"description\":\"Descubre la historia de la Ermita de Sant Mart\u00ed del Montseny y su papel en la cultura y tradiciones de la regi\u00f3n. Descubre m\u00e1s aqu\u00ed.\",\"breadcrumb\":{\"@id\":\"https:\/\/larectoriadepalou.com\/descubre-la-historia-de-la-ermita-de-sant-marti-del-montseny\/?lang=es#breadcrumb\"},\"inLanguage\":\"es\",\"potentialAction\":[{\"@type\":\"ReadAction\",\"target\":[\"https:\/\/larectoriadepalou.com\/descubre-la-historia-de-la-ermita-de-sant-marti-del-montseny\/?lang=es\"]}]},{\"@type\":\"BreadcrumbList\",\"@id\":\"https:\/\/larectoriadepalou.com\/descubre-la-historia-de-la-ermita-de-sant-marti-del-montseny\/?lang=es#breadcrumb\",\"itemListElement\":[{\"@type\":\"ListItem\",\"position\":1,\"name\":\"Home\",\"item\":\"https:\/\/larectoriadepalou.com\/\"},{\"@type\":\"ListItem\",\"position\":2,\"name\":\"\u00a0Descubre la historia de la Ermita de Sant Mart\u00ed del Montseny\"}]},{\"@type\":\"WebSite\",\"@id\":\"https:\/\/larectoriadepalou.com\/#website\",\"url\":\"https:\/\/larectoriadepalou.com\/\",\"name\":\"\",\"description\":\"Restaurant la Rectoria de Palou, Granollers, cuina de mercat amb productes de proximitat\",\"potentialAction\":[{\"@type\":\"SearchAction\",\"target\":{\"@type\":\"EntryPoint\",\"urlTemplate\":\"https:\/\/larectoriadepalou.com\/?s={search_term_string}\"},\"query-input\":\"required name=search_term_string\"}],\"inLanguage\":\"es\"},{\"@type\":\"Person\",\"@id\":\"https:\/\/larectoriadepalou.com\/#\/schema\/person\/de7d6c25e2c90e355672ac59146e33a1\",\"name\":\"La Rectoria de Palou\",\"image\":{\"@type\":\"ImageObject\",\"inLanguage\":\"es\",\"@id\":\"https:\/\/larectoriadepalou.com\/#\/schema\/person\/image\/\",\"url\":\"https:\/\/secure.gravatar.com\/avatar\/d35d3f652d83da202b97147fa857ee5d?s=96&d=mm&r=g\",\"contentUrl\":\"https:\/\/secure.gravatar.com\/avatar\/d35d3f652d83da202b97147fa857ee5d?s=96&d=mm&r=g\",\"caption\":\"La Rectoria de Palou\"},\"sameAs\":[\"http:\/\/localhost\/\"],\"url\":\"https:\/\/larectoriadepalou.com\/es\/author\/quico\/\"}]}<\/script>\n<!-- \/ Yoast SEO plugin. -->","yoast_head_json":{"title":"\u00a0Descubre la historia de la Ermita de Sant Mart\u00ed del Montseny","description":"Descubre la historia de la Ermita de Sant Mart\u00ed del Montseny y su papel en la cultura y tradiciones de la regi\u00f3n. Descubre m\u00e1s aqu\u00ed.","robots":{"index":"index","follow":"follow","max-snippet":"max-snippet:-1","max-image-preview":"max-image-preview:large","max-video-preview":"max-video-preview:-1"},"canonical":"https:\/\/larectoriadepalou.com\/es\/descubre-la-historia-de-la-ermita-de-sant-marti-del-montseny\/?lang=es","og_locale":"es_ES","og_type":"article","og_title":"\u00a0Descubre la historia de la Ermita de Sant Mart\u00ed del Montseny","og_description":"Descubre la historia de la Ermita de Sant Mart\u00ed del Montseny y su papel en la cultura y tradiciones de la regi\u00f3n. Descubre m\u00e1s aqu\u00ed.","og_url":"https:\/\/larectoriadepalou.com\/es\/descubre-la-historia-de-la-ermita-de-sant-marti-del-montseny\/?lang=es","article_published_time":"2023-04-21T12:01:19+00:00","article_modified_time":"2023-04-21T12:01:20+00:00","og_image":[{"width":1000,"height":667,"url":"https:\/\/larectoriadepalou.com\/wp-content\/uploads\/la-rectoria-de-palou-emita-sant-marti-montseny-imatge-1.jpg","type":"image\/jpeg"}],"author":"La Rectoria de Palou","twitter_misc":{"Escrito por":"La Rectoria de Palou","Tiempo de lectura":"3 minutos"},"schema":{"@context":"https:\/\/schema.org","@graph":[{"@type":"WebPage","@id":"https:\/\/larectoriadepalou.com\/descubre-la-historia-de-la-ermita-de-sant-marti-del-montseny\/?lang=es","url":"https:\/\/larectoriadepalou.com\/descubre-la-historia-de-la-ermita-de-sant-marti-del-montseny\/?lang=es","name":"\u00a0Descubre la historia de la Ermita de Sant Mart\u00ed del Montseny","isPartOf":{"@id":"https:\/\/larectoriadepalou.com\/#website"},"datePublished":"2023-04-21T12:01:19+00:00","dateModified":"2023-04-21T12:01:20+00:00","author":{"@id":"https:\/\/larectoriadepalou.com\/#\/schema\/person\/de7d6c25e2c90e355672ac59146e33a1"},"description":"Descubre la historia de la Ermita de Sant Mart\u00ed del Montseny y su papel en la cultura y tradiciones de la regi\u00f3n. Descubre m\u00e1s aqu\u00ed.","breadcrumb":{"@id":"https:\/\/larectoriadepalou.com\/descubre-la-historia-de-la-ermita-de-sant-marti-del-montseny\/?lang=es#breadcrumb"},"inLanguage":"es","potentialAction":[{"@type":"ReadAction","target":["https:\/\/larectoriadepalou.com\/descubre-la-historia-de-la-ermita-de-sant-marti-del-montseny\/?lang=es"]}]},{"@type":"BreadcrumbList","@id":"https:\/\/larectoriadepalou.com\/descubre-la-historia-de-la-ermita-de-sant-marti-del-montseny\/?lang=es#breadcrumb","itemListElement":[{"@type":"ListItem","position":1,"name":"Home","item":"https:\/\/larectoriadepalou.com\/"},{"@type":"ListItem","position":2,"name":"\u00a0Descubre la historia de la Ermita de Sant Mart\u00ed del Montseny"}]},{"@type":"WebSite","@id":"https:\/\/larectoriadepalou.com\/#website","url":"https:\/\/larectoriadepalou.com\/","name":"","description":"Restaurant la Rectoria de Palou, Granollers, cuina de mercat amb productes de proximitat","potentialAction":[{"@type":"SearchAction","target":{"@type":"EntryPoint","urlTemplate":"https:\/\/larectoriadepalou.com\/?s={search_term_string}"},"query-input":"required name=search_term_string"}],"inLanguage":"es"},{"@type":"Person","@id":"https:\/\/larectoriadepalou.com\/#\/schema\/person\/de7d6c25e2c90e355672ac59146e33a1","name":"La Rectoria de Palou","image":{"@type":"ImageObject","inLanguage":"es","@id":"https:\/\/larectoriadepalou.com\/#\/schema\/person\/image\/","url":"https:\/\/secure.gravatar.com\/avatar\/d35d3f652d83da202b97147fa857ee5d?s=96&d=mm&r=g","contentUrl":"https:\/\/secure.gravatar.com\/avatar\/d35d3f652d83da202b97147fa857ee5d?s=96&d=mm&r=g","caption":"La Rectoria de Palou"},"sameAs":["http:\/\/localhost\/"],"url":"https:\/\/larectoriadepalou.com\/es\/author\/quico\/"}]}},"_links":{"self":[{"href":"https:\/\/larectoriadepalou.com\/es\/wp-json\/wp\/v2\/posts\/1977"}],"collection":[{"href":"https:\/\/larectoriadepalou.com\/es\/wp-json\/wp\/v2\/posts"}],"about":[{"href":"https:\/\/larectoriadepalou.com\/es\/wp-json\/wp\/v2\/types\/post"}],"author":[{"embeddable":true,"href":"https:\/\/larectoriadepalou.com\/es\/wp-json\/wp\/v2\/users\/2"}],"replies":[{"embeddable":true,"href":"https:\/\/larectoriadepalou.com\/es\/wp-json\/wp\/v2\/comments?post=1977"}],"version-history":[{"count":2,"href":"https:\/\/larectoriadepalou.com\/es\/wp-json\/wp\/v2\/posts\/1977\/revisions"}],"predecessor-version":[{"id":1981,"href":"https:\/\/larectoriadepalou.com\/es\/wp-json\/wp\/v2\/posts\/1977\/revisions\/1981"}],"wp:featuredmedia":[{"embeddable":true,"href":"https:\/\/larectoriadepalou.com\/es\/wp-json\/wp\/v2\/media\/1979"}],"wp:attachment":[{"href":"https:\/\/larectoriadepalou.com\/es\/wp-json\/wp\/v2\/media?parent=1977"}],"wp:term":[{"taxonomy":"category","embeddable":true,"href":"https:\/\/larectoriadepalou.com\/es\/wp-json\/wp\/v2\/categories?post=1977"},{"taxonomy":"post_tag","embeddable":true,"href":"https:\/\/larectoriadepalou.com\/es\/wp-json\/wp\/v2\/tags?post=1977"}],"curies":[{"name":"wp","href":"https:\/\/api.w.org\/{rel}","templated":true}]}}