{"id":1988,"date":"2023-04-21T16:08:38","date_gmt":"2023-04-21T14:08:38","guid":{"rendered":"http:\/\/www.larectoriadepalou.net\/?p=1988"},"modified":"2023-04-21T16:08:38","modified_gmt":"2023-04-21T14:08:38","slug":"descobreix-la-historia-del-museu-de-granollers","status":"publish","type":"post","link":"https:\/\/larectoriadepalou.com\/es\/descobreix-la-historia-del-museu-de-granollers\/","title":{"rendered":"Descubre la historia del Museo de Granollers"},"content":{"rendered":"<p>El Museo de Granollers abri\u00f3 sus puertas en 1945, gracias a la iniciativa de un grupo de intelectuales locales que quer\u00edan preservar el patrimonio hist\u00f3rico y cultural de la ciudad. Desde entonces, ha evolucionado hasta convertirse en uno de los museos m\u00e1s importantes<br>de Catalu\u00f1a.<\/p>\n\n\n\n<h2 class=\"wp-block-heading\">Explora las colecciones del Museu de Granollers<\/h2>\n\n\n\n<p>El museo alberga una gran variedad de colecciones, que van desde la arqueolog\u00eda hasta las artes decorativas. Algunas de las colecciones m\u00e1s destacadas son:<\/p>\n\n\n\n<h3 class=\"wp-block-heading\">La colecci\u00f3n de cer\u00e1mica<\/h3>\n\n\n\n<p>Esta colecci\u00f3n cuenta con m\u00e1s de 3000 piezas que van desde la \u00e9poca romana hasta la actualidad. Entre ellas, destacan las piezas de cer\u00e1mica catalana y la colecci\u00f3n de baldosas modernistas.<\/p>\n\n\n\n<h3 class=\"wp-block-heading\">La colecci\u00f3n de escultura<\/h3>\n\n\n\n<p>En esta colecci\u00f3n podr\u00e1 encontrar esculturas desde la \u00e9poca romana hasta el siglo XX. Destacan las piezas del siglo XVIII, que representan la transici\u00f3n del barroco al<br>neoclasicismo.<\/p>\n\n\n\n<h3 class=\"wp-block-heading\">La colecci\u00f3n de arte contempor\u00e1neo<\/h3>\n\n\n\n<p>En esta colecci\u00f3n se exhiben obras de arte contempor\u00e1neo de artistas locales y<br>internacionales. Destacan las obras de los artistas catalanes Antoni T\u00e0pies y Josep Guinovart.<\/p>\n\n\n\n<h2 class=\"wp-block-heading\">Descubre las exposiciones temporales del Museu de Granollers<\/h2>\n\n\n\n<p>Adem\u00e1s de las colecciones permanentes, el Museu de Granollers tambi\u00e9n organiza exposiciones temporales que cambian regularmente. Estas exposiciones suelen centrarse en temas espec\u00edficos, como el arte modernista o la historia de la ciudad.<\/p>\n\n\n\n<h2 class=\"wp-block-heading\">Visita el edificio del Museo de Granollers<\/h2>\n\n\n\n<p>El edificio que alberga el Museo de Granollers es una joya arquitect\u00f3nica en s\u00ed misma. Fue construido en el siglo XVIII y ha sido restaurado en varias ocasiones a lo largo de los a\u00f1os. El edificio es un ejemplo de la arquitectura barroca catalana y cuenta con una impresionante fachada.<\/p>\n\n\n\n<h2 class=\"wp-block-heading\">\u00bfC\u00f3mo llegar al Museo de Granollers?<\/h2>\n\n\n\n<p>El Museo de Granollers se encuentra en el centro de la ciudad, por lo que es f\u00e1cil llegar a pie desde cualquier punto. Tambi\u00e9n puedes llegar en transporte p\u00fablico, como autobuses o trenes, y la estaci\u00f3n de tren m\u00e1s cercana es la de Granollers Centre.<\/p>\n\n\n\n<h2 class=\"wp-block-heading\">\u00bfCu\u00e1les son los horarios del Museu de Granollers?<\/h2>\n\n\n\n<p>El Museo de Granollers abre de martes a s\u00e1bado, de 10 a 14 hy de 17 a 20 h, y los domingos y festivos de 10 a 14 h. El lunes est\u00e1 cerrado.<\/p>\n\n\n\n<h2 class=\"wp-block-heading\">\u00bfCu\u00e1ndo cuesta la entrada al Museo de Granollers?<\/h2>\n\n\n\n<p>La entrada general en el Museo de Granollers cuesta 6 euros, mientras que la reducida (para estudiantes, mayores de 65<\/p>\n\n\n\n<h4 class=\"wp-block-heading\">\u00bfHay descuentos en la entrada al Museo de Granollers?<br><\/h4>\n\n\n\n<p>S\u00ed, hay descuentos disponibles para grupos, estudiantes, mayores de 65 a\u00f1os, y personas con discapacidad. Tambi\u00e9n hay d\u00edas de entrada gratuita, como el primer domingo de cada mes.<br><\/p>\n\n\n\n<h4 class=\"wp-block-heading\">\u00bfHay visitas guiadas disponibles en el Museu de Granollers?<br><\/h4>\n\n\n\n<p>S\u00ed, existen visitas guiadas disponibles para grupos concertados previamente. Estas visitas pueden estar en catal\u00e1n, castellano, ingl\u00e9s, franc\u00e9s y otros idiomas bajo solicitud.<br><\/p>\n\n\n\n<h4 class=\"wp-block-heading\">\u00bfPuedo tomar fotograf\u00edas en el Museo de Granollers?<br><\/h4>\n\n\n\n<p>S\u00ed, se permite tomar fotograf\u00edas sin flash en el museo, pero est\u00e1 prohibido utilizar tr\u00edpodas o cualquier otro tipo de soporte.<br><\/p>\n\n\n\n<h2 class=\"wp-block-heading\">Conclusi\u00f3n<br><\/h2>\n\n\n\n<p>El Museo de Granollers es un destino imprescindible para aquellos que deseen descubrir la rica historia y cultura de la ciudad. Desde las colecciones de cer\u00e1mica y escultura, hasta exposiciones temporales y su impresionante edificio, el museo ofrece una experiencia inolvidable para todos los visitantes. Adem\u00e1s, su ubicaci\u00f3n en el coraz\u00f3n de la ciudad hace que sea f\u00e1cil de acceder y disfrutar en cualquier momento. \u00a1No se pierda la oportunidad de visitar el Museo de Granollers!<\/p>","protected":false},"excerpt":{"rendered":"<p>Desde su creaci\u00f3n en 1945, el Museo de Granollers se ha convertido en uno de los principales referentes culturales de la ciudad. A trav\u00e9s de sus diversas exposiciones y colecciones, el museo nos lleva en un viaje por la historia y la cultura local, desde la prehistoria hasta la \u00e9poca contempor\u00e1nea. Descubra la fascinante historia detr\u00e1s de este emblem\u00e1tico museo y explore su impresionante colecci\u00f3n de artefactos \u00fanicos que le transportar\u00e1n a tiempos pasados. Acomp\u00e1\u00f1anos en este recorrido por el pasado y descubra la rica historia del Museo de Granollers.<\/p>","protected":false},"author":2,"featured_media":1992,"comment_status":"open","ping_status":"open","sticky":false,"template":"","format":"standard","meta":{"_mi_skip_tracking":false,"_monsterinsights_sitenote_active":false,"_monsterinsights_sitenote_note":"","_monsterinsights_sitenote_category":0,"site-sidebar-layout":"default","site-content-layout":"default","ast-global-header-display":"","ast-banner-title-visibility":"","ast-main-header-display":"","ast-hfb-above-header-display":"","ast-hfb-below-header-display":"","ast-hfb-mobile-header-display":"","site-post-title":"","ast-breadcrumbs-content":"","ast-featured-img":"","footer-sml-layout":"","theme-transparent-header-meta":"","adv-header-id-meta":"","stick-header-meta":"","header-above-stick-meta":"","header-main-stick-meta":"","header-below-stick-meta":""},"categories":[1],"tags":[],"yoast_head":"<!-- This site is optimized with the Yoast SEO plugin v21.1 - https:\/\/yoast.com\/wordpress\/plugins\/seo\/ -->\n<title>Descobreix la hist\u00f2ria del Museu de Granollers<\/title>\n<meta name=\"description\" content=\"Descobreix la hist\u00f2ria del Museu de Granollers i la col\u00b7lecci\u00f3 d&#039;artefactes \u00fanics en aquest recorregut pel passat.\" \/>\n<meta name=\"robots\" content=\"index, follow, max-snippet:-1, max-image-preview:large, max-video-preview:-1\" \/>\n<link rel=\"canonical\" href=\"https:\/\/larectoriadepalou.com\/es\/descobreix-la-historia-del-museu-de-granollers\/\" \/>\n<meta property=\"og:locale\" content=\"es_ES\" \/>\n<meta property=\"og:type\" content=\"article\" \/>\n<meta property=\"og:title\" content=\"Descobreix la hist\u00f2ria del Museu de Granollers\" \/>\n<meta property=\"og:description\" content=\"Descobreix la hist\u00f2ria del Museu de Granollers i la col\u00b7lecci\u00f3 d&#039;artefactes \u00fanics en aquest recorregut pel passat.\" \/>\n<meta property=\"og:url\" content=\"https:\/\/larectoriadepalou.com\/es\/descobreix-la-historia-del-museu-de-granollers\/\" \/>\n<meta property=\"article:published_time\" content=\"2023-04-21T14:08:38+00:00\" \/>\n<meta property=\"og:image\" content=\"https:\/\/larectoriadepalou.com\/wp-content\/uploads\/la-rectoria-de-palou-museu-de-granollers.jpg\" \/>\n\t<meta property=\"og:image:width\" content=\"300\" \/>\n\t<meta property=\"og:image:height\" content=\"168\" \/>\n\t<meta property=\"og:image:type\" content=\"image\/jpeg\" \/>\n<meta name=\"author\" content=\"La Rectoria de Palou\" \/>\n<meta name=\"twitter:label1\" content=\"Escrito por\" \/>\n\t<meta name=\"twitter:data1\" content=\"La Rectoria de Palou\" \/>\n\t<meta name=\"twitter:label2\" content=\"Tiempo de lectura\" \/>\n\t<meta name=\"twitter:data2\" content=\"3 minutos\" \/>\n<script type=\"application\/ld+json\" class=\"yoast-schema-graph\">{\"@context\":\"https:\/\/schema.org\",\"@graph\":[{\"@type\":\"WebPage\",\"@id\":\"https:\/\/larectoriadepalou.com\/descobreix-la-historia-del-museu-de-granollers\/\",\"url\":\"https:\/\/larectoriadepalou.com\/descobreix-la-historia-del-museu-de-granollers\/\",\"name\":\"Descobreix la hist\u00f2ria del Museu de Granollers\",\"isPartOf\":{\"@id\":\"https:\/\/larectoriadepalou.com\/#website\"},\"datePublished\":\"2023-04-21T14:08:38+00:00\",\"dateModified\":\"2023-04-21T14:08:38+00:00\",\"author\":{\"@id\":\"https:\/\/larectoriadepalou.com\/#\/schema\/person\/de7d6c25e2c90e355672ac59146e33a1\"},\"description\":\"Descobreix la hist\u00f2ria del Museu de Granollers i la col\u00b7lecci\u00f3 d'artefactes \u00fanics en aquest recorregut pel passat.\",\"breadcrumb\":{\"@id\":\"https:\/\/larectoriadepalou.com\/descobreix-la-historia-del-museu-de-granollers\/#breadcrumb\"},\"inLanguage\":\"es\",\"potentialAction\":[{\"@type\":\"ReadAction\",\"target\":[\"https:\/\/larectoriadepalou.com\/descobreix-la-historia-del-museu-de-granollers\/\"]}]},{\"@type\":\"BreadcrumbList\",\"@id\":\"https:\/\/larectoriadepalou.com\/descobreix-la-historia-del-museu-de-granollers\/#breadcrumb\",\"itemListElement\":[{\"@type\":\"ListItem\",\"position\":1,\"name\":\"Home\",\"item\":\"https:\/\/larectoriadepalou.com\/\"},{\"@type\":\"ListItem\",\"position\":2,\"name\":\"Descobreix la hist\u00f2ria del Museu de Granollers\"}]},{\"@type\":\"WebSite\",\"@id\":\"https:\/\/larectoriadepalou.com\/#website\",\"url\":\"https:\/\/larectoriadepalou.com\/\",\"name\":\"\",\"description\":\"Restaurant la Rectoria de Palou, Granollers, cuina de mercat amb productes de proximitat\",\"potentialAction\":[{\"@type\":\"SearchAction\",\"target\":{\"@type\":\"EntryPoint\",\"urlTemplate\":\"https:\/\/larectoriadepalou.com\/?s={search_term_string}\"},\"query-input\":\"required name=search_term_string\"}],\"inLanguage\":\"es\"},{\"@type\":\"Person\",\"@id\":\"https:\/\/larectoriadepalou.com\/#\/schema\/person\/de7d6c25e2c90e355672ac59146e33a1\",\"name\":\"La Rectoria de Palou\",\"image\":{\"@type\":\"ImageObject\",\"inLanguage\":\"es\",\"@id\":\"https:\/\/larectoriadepalou.com\/#\/schema\/person\/image\/\",\"url\":\"https:\/\/secure.gravatar.com\/avatar\/d35d3f652d83da202b97147fa857ee5d?s=96&d=mm&r=g\",\"contentUrl\":\"https:\/\/secure.gravatar.com\/avatar\/d35d3f652d83da202b97147fa857ee5d?s=96&d=mm&r=g\",\"caption\":\"La Rectoria de Palou\"},\"sameAs\":[\"http:\/\/localhost\/\"],\"url\":\"https:\/\/larectoriadepalou.com\/es\/author\/quico\/\"}]}<\/script>\n<!-- \/ Yoast SEO plugin. -->","yoast_head_json":{"title":"Descobreix la hist\u00f2ria del Museu de Granollers","description":"Descobreix la hist\u00f2ria del Museu de Granollers i la col\u00b7lecci\u00f3 d'artefactes \u00fanics en aquest recorregut pel passat.","robots":{"index":"index","follow":"follow","max-snippet":"max-snippet:-1","max-image-preview":"max-image-preview:large","max-video-preview":"max-video-preview:-1"},"canonical":"https:\/\/larectoriadepalou.com\/es\/descobreix-la-historia-del-museu-de-granollers\/","og_locale":"es_ES","og_type":"article","og_title":"Descobreix la hist\u00f2ria del Museu de Granollers","og_description":"Descobreix la hist\u00f2ria del Museu de Granollers i la col\u00b7lecci\u00f3 d'artefactes \u00fanics en aquest recorregut pel passat.","og_url":"https:\/\/larectoriadepalou.com\/es\/descobreix-la-historia-del-museu-de-granollers\/","article_published_time":"2023-04-21T14:08:38+00:00","og_image":[{"width":300,"height":168,"url":"https:\/\/larectoriadepalou.com\/wp-content\/uploads\/la-rectoria-de-palou-museu-de-granollers.jpg","type":"image\/jpeg"}],"author":"La Rectoria de Palou","twitter_misc":{"Escrito por":"La Rectoria de Palou","Tiempo de lectura":"3 minutos"},"schema":{"@context":"https:\/\/schema.org","@graph":[{"@type":"WebPage","@id":"https:\/\/larectoriadepalou.com\/descobreix-la-historia-del-museu-de-granollers\/","url":"https:\/\/larectoriadepalou.com\/descobreix-la-historia-del-museu-de-granollers\/","name":"Descobreix la hist\u00f2ria del Museu de Granollers","isPartOf":{"@id":"https:\/\/larectoriadepalou.com\/#website"},"datePublished":"2023-04-21T14:08:38+00:00","dateModified":"2023-04-21T14:08:38+00:00","author":{"@id":"https:\/\/larectoriadepalou.com\/#\/schema\/person\/de7d6c25e2c90e355672ac59146e33a1"},"description":"Descobreix la hist\u00f2ria del Museu de Granollers i la col\u00b7lecci\u00f3 d'artefactes \u00fanics en aquest recorregut pel passat.","breadcrumb":{"@id":"https:\/\/larectoriadepalou.com\/descobreix-la-historia-del-museu-de-granollers\/#breadcrumb"},"inLanguage":"es","potentialAction":[{"@type":"ReadAction","target":["https:\/\/larectoriadepalou.com\/descobreix-la-historia-del-museu-de-granollers\/"]}]},{"@type":"BreadcrumbList","@id":"https:\/\/larectoriadepalou.com\/descobreix-la-historia-del-museu-de-granollers\/#breadcrumb","itemListElement":[{"@type":"ListItem","position":1,"name":"Home","item":"https:\/\/larectoriadepalou.com\/"},{"@type":"ListItem","position":2,"name":"Descobreix la hist\u00f2ria del Museu de Granollers"}]},{"@type":"WebSite","@id":"https:\/\/larectoriadepalou.com\/#website","url":"https:\/\/larectoriadepalou.com\/","name":"","description":"Restaurant la Rectoria de Palou, Granollers, cuina de mercat amb productes de proximitat","potentialAction":[{"@type":"SearchAction","target":{"@type":"EntryPoint","urlTemplate":"https:\/\/larectoriadepalou.com\/?s={search_term_string}"},"query-input":"required name=search_term_string"}],"inLanguage":"es"},{"@type":"Person","@id":"https:\/\/larectoriadepalou.com\/#\/schema\/person\/de7d6c25e2c90e355672ac59146e33a1","name":"La Rectoria de Palou","image":{"@type":"ImageObject","inLanguage":"es","@id":"https:\/\/larectoriadepalou.com\/#\/schema\/person\/image\/","url":"https:\/\/secure.gravatar.com\/avatar\/d35d3f652d83da202b97147fa857ee5d?s=96&d=mm&r=g","contentUrl":"https:\/\/secure.gravatar.com\/avatar\/d35d3f652d83da202b97147fa857ee5d?s=96&d=mm&r=g","caption":"La Rectoria de Palou"},"sameAs":["http:\/\/localhost\/"],"url":"https:\/\/larectoriadepalou.com\/es\/author\/quico\/"}]}},"_links":{"self":[{"href":"https:\/\/larectoriadepalou.com\/es\/wp-json\/wp\/v2\/posts\/1988"}],"collection":[{"href":"https:\/\/larectoriadepalou.com\/es\/wp-json\/wp\/v2\/posts"}],"about":[{"href":"https:\/\/larectoriadepalou.com\/es\/wp-json\/wp\/v2\/types\/post"}],"author":[{"embeddable":true,"href":"https:\/\/larectoriadepalou.com\/es\/wp-json\/wp\/v2\/users\/2"}],"replies":[{"embeddable":true,"href":"https:\/\/larectoriadepalou.com\/es\/wp-json\/wp\/v2\/comments?post=1988"}],"version-history":[{"count":1,"href":"https:\/\/larectoriadepalou.com\/es\/wp-json\/wp\/v2\/posts\/1988\/revisions"}],"predecessor-version":[{"id":1993,"href":"https:\/\/larectoriadepalou.com\/es\/wp-json\/wp\/v2\/posts\/1988\/revisions\/1993"}],"wp:featuredmedia":[{"embeddable":true,"href":"https:\/\/larectoriadepalou.com\/es\/wp-json\/wp\/v2\/media\/1992"}],"wp:attachment":[{"href":"https:\/\/larectoriadepalou.com\/es\/wp-json\/wp\/v2\/media?parent=1988"}],"wp:term":[{"taxonomy":"category","embeddable":true,"href":"https:\/\/larectoriadepalou.com\/es\/wp-json\/wp\/v2\/categories?post=1988"},{"taxonomy":"post_tag","embeddable":true,"href":"https:\/\/larectoriadepalou.com\/es\/wp-json\/wp\/v2\/tags?post=1988"}],"curies":[{"name":"wp","href":"https:\/\/api.w.org\/{rel}","templated":true}]}}