{"id":2002,"date":"2023-05-02T12:39:46","date_gmt":"2023-05-02T10:39:46","guid":{"rendered":"http:\/\/www.larectoriadepalou.net\/?p=2002"},"modified":"2023-05-02T12:56:43","modified_gmt":"2023-05-02T10:56:43","slug":"descobreix-lencantadora-porxada-de-granollers-un-tresor-arquitectonic-al-cor-de-catalunya","status":"publish","type":"post","link":"https:\/\/larectoriadepalou.com\/es\/descobreix-lencantadora-porxada-de-granollers-un-tresor-arquitectonic-al-cor-de-catalunya\/","title":{"rendered":"Descubre el encantador porche de Granollers: Un tesoro arquitect\u00f3nico en el coraz\u00f3n de Catalu\u00f1a"},"content":{"rendered":"<p>La ciudad de Granollers, ubicada en la provincia de Barcelona, Catalu\u00f1a, es un destino que cautiva a los visitantes con su rica historia y su impresionante patrimonio arquitect\u00f3nico. Uno de los tesoros m\u00e1s destacados de esta ciudad es el porche de Granollers. En este art\u00edculo, le invitamos a sumergirse en la historia de este fascinante edificio, explorar sus caracter\u00edsticas \u00fanicas y descubrir por qu\u00e9 se ha convertido en un s\u00edmbolo emblem\u00e1tico de la regi\u00f3n.<\/p>\n\n\n\n<h2 class=\"wp-block-heading\">Un vistazo a la historia del porche de Granollers<\/h2>\n\n\n\n<p>El porche de Granollers es una estructura que data del siglo XVII y se encuentra en la plaza de la Porxada, el centro neur\u00e1lgico de la ciudad. Originalmente, este edificio ten\u00eda una funci\u00f3n comercial y serv\u00eda como un mercado cubierto, ofreciendo protecci\u00f3n a los comerciantes y sus productos de las inclemencias del tiempo. A lo largo de los siglos, el porche ha sido objeto de restauraciones y conservaciones para mantener su esplendor arquitect\u00f3nico y preservar su importancia hist\u00f3rica.<\/p>\n\n\n\n<h3 class=\"wp-block-heading\">Caracter\u00edsticas arquitect\u00f3nicas impresionantes<\/h3>\n\n\n\n<p>El porche de Granollers se destaca por el dise\u00f1o arquitect\u00f3nico \u00fanico. Esta estructura est\u00e1 formada por una serie de arcos de medio punto sostenidos por columnas de piedra. Estos arcos crean una galer\u00eda abierta en la planta baja, permitiendo el paso de la luz y el aire, y brindando un ambiente acogedor a los visitantes. En el nivel superior, hay ventanas con elementos decorativos y un balc\u00f3n con vistas panor\u00e1micas a la plaza. La combinaci\u00f3n de elementos g\u00f3ticos y renacentistas en la fachada hacen del soportal una joya arquitect\u00f3nica digna de admirar.<\/p>\n\n\n\n<h2 class=\"wp-block-heading\">Importancia cultural y tur\u00edstica<\/h2>\n\n\n\n<p>El porche de Granollers no es s\u00f3lo un ejemplo impresionante de la arquitectura de la \u00e9poca, sino que tambi\u00e9n ha tenido un papel crucial en la vida social y cultural de la ciudad a lo largo de los siglos. Esta estructura ha sido testigo de numerosos eventos y celebraciones, desde mercados tradicionales hasta festivales locales. Adem\u00e1s, el porche es un punto de encuentro para residentes y visitantes, y un lugar donde se realizan diversas actividades culturales, como exposiciones de arte y conciertos. Su imponente presencia y su fascinante historia la convierten en un atractivo tur\u00edstico imperdible para aquellos que visitan Granollers.<\/p>\n\n\n\n<h3 class=\"wp-block-heading\">Planes para el futuro<\/h3>\n\n\n\n<p>El soportal de Granollers sigue siendo un elemento central en la vida de la ciudad y se ha convertido en un s\u00edmbolo de su identidad. Las autoridades locales est\u00e1n comprometidas con la preservaci\u00f3n y mantenimiento de esta joya arquitect\u00f3nica para las generaciones futuras. Adem\u00e1s, se est\u00e1n llevando a cabo proyectos de revitalizaci\u00f3n en los alrededores del porche para mejorar su entorno y hacerlo a\u00fan m\u00e1s atractivo para los visitantes. Estos planes incluyen la renovaci\u00f3n de las calles cercanas, la creaci\u00f3n de zonas peatonales y la mejora de las \u00e1reas verdes. Tambi\u00e9n se est\u00e1n promoviendo actividades culturales y eventos especiales en la plaza de la Porxada para mantener viva la tradici\u00f3n y fomentar la participaci\u00f3n de la comunidad local.<\/p>\n\n\n\n<h2 class=\"wp-block-heading\">C\u00f3mo llegar al porche de Granollers<\/h2>\n\n\n\n<p>Si est\u00e1s planeando visitar el porche de Granollers, llegar es f\u00e1cil y conveniente. La ciudad est\u00e1 ubicada a aproximadamente 30 kil\u00f3metros de Barcelona y se puede acceder en coche, en tren o en autob\u00fas. Si optas por el transporte p\u00fablico, hay varias opciones de trenes y autobuses que te llevar\u00e1n directamente al centro de Granollers, donde se encuentra el porche. Una vez all\u00ed, simplemente siga las indicaciones hacia la plaza de la Porxada y podr\u00e1 disfrutar de este magn\u00edfico edificio hist\u00f3rico.<\/p>\n\n\n\n<h3 class=\"wp-block-heading\">Actividades cerca del porche<\/h3>\n\n\n\n<p>Adem\u00e1s de visitar el porche de Granollers, hay muchas otras actividades interesantes para realizar en la zona. Podr\u00e1 explorar el encantador casco antiguo de la ciudad, con sus estrechas calles empedradas y edificios hist\u00f3ricos. Tambi\u00e9n puedes disfrutar de la gastronom\u00eda local en restaurantes y bares cercanos, donde podr\u00e1s degustar platos tradicionales catalanes. Si le gusta el shopping, no se pierda la oportunidad de visitar las tiendas y tiendas de Granollers, donde encontrar\u00e1 una amplia variedad de productos locales y artesan\u00edas.<\/p>\n\n\n\n<h2 class=\"wp-block-heading\">Conclusi\u00f3n:<\/h2>\n\n\n\n<p>El porche de Granollers es mucho m\u00e1s que un simple edificio hist\u00f3rico. Es un testimonio vivo de la historia de la ciudad y un s\u00edmbolo de la identidad y tradici\u00f3n. El dise\u00f1o arquitect\u00f3nico \u00fanico y su ubicaci\u00f3n en el coraz\u00f3n de Granollers la convierten en un lugar imperdible para los amantes de la arquitectura y la cultura. Adem\u00e1s, el porche es un punto de encuentro para la comunidad local y un escenario de diversas actividades culturales y festividades. Si tienes la oportunidad de visitar Granollers, no dejes de maravillarte ante la belleza y el encanto del porche, y sum\u00e9rgete en la rica historia de esta maravillosa ciudad catalana.<\/p>","protected":false},"excerpt":{"rendered":"<p>\u00a1Hola a todos! \u00bfEst\u00e1n listos para descubrir un tesoro arquitect\u00f3nico \u00fanico en el coraz\u00f3n de Catalu\u00f1a? Perm\u00edtanme presentaros el encantador porche de Granollers, un lugar que cautiva con su belleza hist\u00f3rica y su ambiente encantador. En este art\u00edculo, revelaremos los secretos de este magn\u00edfico edificio y exploraremos por qu\u00e9 deber\u00eda estar en la lista de deseos de todo amante de la arquitectura y la cultura catalana.<\/p>","protected":false},"author":2,"featured_media":2006,"comment_status":"open","ping_status":"open","sticky":false,"template":"","format":"standard","meta":{"_mi_skip_tracking":false,"_monsterinsights_sitenote_active":false,"_monsterinsights_sitenote_note":"","_monsterinsights_sitenote_category":0,"site-sidebar-layout":"default","site-content-layout":"default","ast-global-header-display":"","ast-banner-title-visibility":"","ast-main-header-display":"","ast-hfb-above-header-display":"","ast-hfb-below-header-display":"","ast-hfb-mobile-header-display":"","site-post-title":"","ast-breadcrumbs-content":"","ast-featured-img":"","footer-sml-layout":"","theme-transparent-header-meta":"","adv-header-id-meta":"","stick-header-meta":"","header-above-stick-meta":"","header-main-stick-meta":"","header-below-stick-meta":""},"categories":[1],"tags":[],"yoast_head":"<!-- This site is optimized with the Yoast SEO plugin v21.1 - https:\/\/yoast.com\/wordpress\/plugins\/seo\/ -->\n<title>Descobreix l&#039;encantadora porxada de Granollers: Un tresor arquitect\u00f2nic al cor de Catalunya<\/title>\n<meta name=\"description\" content=\"Descobreix l&#039;encantadora porxada de Granollers: Un tresor arquitect\u00f2nic al cor de Catalunya i gaudeix de la gran experi\u00e8ncia!\" \/>\n<meta name=\"robots\" content=\"index, follow, max-snippet:-1, max-image-preview:large, max-video-preview:-1\" \/>\n<link rel=\"canonical\" href=\"https:\/\/larectoriadepalou.com\/es\/descobreix-lencantadora-porxada-de-granollers-un-tresor-arquitectonic-al-cor-de-catalunya\/\" \/>\n<meta property=\"og:locale\" content=\"es_ES\" \/>\n<meta property=\"og:type\" content=\"article\" \/>\n<meta property=\"og:title\" content=\"Descobreix l&#039;encantadora porxada de Granollers: Un tresor arquitect\u00f2nic al cor de Catalunya\" \/>\n<meta property=\"og:description\" content=\"Descobreix l&#039;encantadora porxada de Granollers: Un tresor arquitect\u00f2nic al cor de Catalunya i gaudeix de la gran experi\u00e8ncia!\" \/>\n<meta property=\"og:url\" content=\"https:\/\/larectoriadepalou.com\/es\/descobreix-lencantadora-porxada-de-granollers-un-tresor-arquitectonic-al-cor-de-catalunya\/\" \/>\n<meta property=\"article:published_time\" content=\"2023-05-02T10:39:46+00:00\" \/>\n<meta property=\"article:modified_time\" content=\"2023-05-02T10:56:43+00:00\" \/>\n<meta property=\"og:image\" content=\"https:\/\/larectoriadepalou.com\/wp-content\/uploads\/la-rectoria-de-palou-porxada-de-granollers.jpg\" \/>\n\t<meta property=\"og:image:width\" content=\"300\" \/>\n\t<meta property=\"og:image:height\" content=\"168\" \/>\n\t<meta property=\"og:image:type\" content=\"image\/jpeg\" \/>\n<meta name=\"author\" content=\"La Rectoria de Palou\" \/>\n<meta name=\"twitter:label1\" content=\"Escrito por\" \/>\n\t<meta name=\"twitter:data1\" content=\"La Rectoria de Palou\" \/>\n\t<meta name=\"twitter:label2\" content=\"Tiempo de lectura\" \/>\n\t<meta name=\"twitter:data2\" content=\"4 minutos\" \/>\n<script type=\"application\/ld+json\" class=\"yoast-schema-graph\">{\"@context\":\"https:\/\/schema.org\",\"@graph\":[{\"@type\":\"WebPage\",\"@id\":\"https:\/\/larectoriadepalou.com\/descobreix-lencantadora-porxada-de-granollers-un-tresor-arquitectonic-al-cor-de-catalunya\/\",\"url\":\"https:\/\/larectoriadepalou.com\/descobreix-lencantadora-porxada-de-granollers-un-tresor-arquitectonic-al-cor-de-catalunya\/\",\"name\":\"Descobreix l'encantadora porxada de Granollers: Un tresor arquitect\u00f2nic al cor de Catalunya\",\"isPartOf\":{\"@id\":\"https:\/\/larectoriadepalou.com\/#website\"},\"datePublished\":\"2023-05-02T10:39:46+00:00\",\"dateModified\":\"2023-05-02T10:56:43+00:00\",\"author\":{\"@id\":\"https:\/\/larectoriadepalou.com\/#\/schema\/person\/de7d6c25e2c90e355672ac59146e33a1\"},\"description\":\"Descobreix l'encantadora porxada de Granollers: Un tresor arquitect\u00f2nic al cor de Catalunya i gaudeix de la gran experi\u00e8ncia!\",\"breadcrumb\":{\"@id\":\"https:\/\/larectoriadepalou.com\/descobreix-lencantadora-porxada-de-granollers-un-tresor-arquitectonic-al-cor-de-catalunya\/#breadcrumb\"},\"inLanguage\":\"es\",\"potentialAction\":[{\"@type\":\"ReadAction\",\"target\":[\"https:\/\/larectoriadepalou.com\/descobreix-lencantadora-porxada-de-granollers-un-tresor-arquitectonic-al-cor-de-catalunya\/\"]}]},{\"@type\":\"BreadcrumbList\",\"@id\":\"https:\/\/larectoriadepalou.com\/descobreix-lencantadora-porxada-de-granollers-un-tresor-arquitectonic-al-cor-de-catalunya\/#breadcrumb\",\"itemListElement\":[{\"@type\":\"ListItem\",\"position\":1,\"name\":\"Home\",\"item\":\"https:\/\/larectoriadepalou.com\/\"},{\"@type\":\"ListItem\",\"position\":2,\"name\":\"Descobreix l&#8217;encantadora porxada de Granollers: Un tresor arquitect\u00f2nic al cor de Catalunya\"}]},{\"@type\":\"WebSite\",\"@id\":\"https:\/\/larectoriadepalou.com\/#website\",\"url\":\"https:\/\/larectoriadepalou.com\/\",\"name\":\"\",\"description\":\"Restaurant la Rectoria de Palou, Granollers, cuina de mercat amb productes de proximitat\",\"potentialAction\":[{\"@type\":\"SearchAction\",\"target\":{\"@type\":\"EntryPoint\",\"urlTemplate\":\"https:\/\/larectoriadepalou.com\/?s={search_term_string}\"},\"query-input\":\"required name=search_term_string\"}],\"inLanguage\":\"es\"},{\"@type\":\"Person\",\"@id\":\"https:\/\/larectoriadepalou.com\/#\/schema\/person\/de7d6c25e2c90e355672ac59146e33a1\",\"name\":\"La Rectoria de Palou\",\"image\":{\"@type\":\"ImageObject\",\"inLanguage\":\"es\",\"@id\":\"https:\/\/larectoriadepalou.com\/#\/schema\/person\/image\/\",\"url\":\"https:\/\/secure.gravatar.com\/avatar\/d35d3f652d83da202b97147fa857ee5d?s=96&d=mm&r=g\",\"contentUrl\":\"https:\/\/secure.gravatar.com\/avatar\/d35d3f652d83da202b97147fa857ee5d?s=96&d=mm&r=g\",\"caption\":\"La Rectoria de Palou\"},\"sameAs\":[\"http:\/\/localhost\/\"],\"url\":\"https:\/\/larectoriadepalou.com\/es\/author\/quico\/\"}]}<\/script>\n<!-- \/ Yoast SEO plugin. -->","yoast_head_json":{"title":"Descobreix l'encantadora porxada de Granollers: Un tresor arquitect\u00f2nic al cor de Catalunya","description":"Descobreix l'encantadora porxada de Granollers: Un tresor arquitect\u00f2nic al cor de Catalunya i gaudeix de la gran experi\u00e8ncia!","robots":{"index":"index","follow":"follow","max-snippet":"max-snippet:-1","max-image-preview":"max-image-preview:large","max-video-preview":"max-video-preview:-1"},"canonical":"https:\/\/larectoriadepalou.com\/es\/descobreix-lencantadora-porxada-de-granollers-un-tresor-arquitectonic-al-cor-de-catalunya\/","og_locale":"es_ES","og_type":"article","og_title":"Descobreix l'encantadora porxada de Granollers: Un tresor arquitect\u00f2nic al cor de Catalunya","og_description":"Descobreix l'encantadora porxada de Granollers: Un tresor arquitect\u00f2nic al cor de Catalunya i gaudeix de la gran experi\u00e8ncia!","og_url":"https:\/\/larectoriadepalou.com\/es\/descobreix-lencantadora-porxada-de-granollers-un-tresor-arquitectonic-al-cor-de-catalunya\/","article_published_time":"2023-05-02T10:39:46+00:00","article_modified_time":"2023-05-02T10:56:43+00:00","og_image":[{"width":300,"height":168,"url":"https:\/\/larectoriadepalou.com\/wp-content\/uploads\/la-rectoria-de-palou-porxada-de-granollers.jpg","type":"image\/jpeg"}],"author":"La Rectoria de Palou","twitter_misc":{"Escrito por":"La Rectoria de Palou","Tiempo de lectura":"4 minutos"},"schema":{"@context":"https:\/\/schema.org","@graph":[{"@type":"WebPage","@id":"https:\/\/larectoriadepalou.com\/descobreix-lencantadora-porxada-de-granollers-un-tresor-arquitectonic-al-cor-de-catalunya\/","url":"https:\/\/larectoriadepalou.com\/descobreix-lencantadora-porxada-de-granollers-un-tresor-arquitectonic-al-cor-de-catalunya\/","name":"Descobreix l'encantadora porxada de Granollers: Un tresor arquitect\u00f2nic al cor de Catalunya","isPartOf":{"@id":"https:\/\/larectoriadepalou.com\/#website"},"datePublished":"2023-05-02T10:39:46+00:00","dateModified":"2023-05-02T10:56:43+00:00","author":{"@id":"https:\/\/larectoriadepalou.com\/#\/schema\/person\/de7d6c25e2c90e355672ac59146e33a1"},"description":"Descobreix l'encantadora porxada de Granollers: Un tresor arquitect\u00f2nic al cor de Catalunya i gaudeix de la gran experi\u00e8ncia!","breadcrumb":{"@id":"https:\/\/larectoriadepalou.com\/descobreix-lencantadora-porxada-de-granollers-un-tresor-arquitectonic-al-cor-de-catalunya\/#breadcrumb"},"inLanguage":"es","potentialAction":[{"@type":"ReadAction","target":["https:\/\/larectoriadepalou.com\/descobreix-lencantadora-porxada-de-granollers-un-tresor-arquitectonic-al-cor-de-catalunya\/"]}]},{"@type":"BreadcrumbList","@id":"https:\/\/larectoriadepalou.com\/descobreix-lencantadora-porxada-de-granollers-un-tresor-arquitectonic-al-cor-de-catalunya\/#breadcrumb","itemListElement":[{"@type":"ListItem","position":1,"name":"Home","item":"https:\/\/larectoriadepalou.com\/"},{"@type":"ListItem","position":2,"name":"Descobreix l&#8217;encantadora porxada de Granollers: Un tresor arquitect\u00f2nic al cor de Catalunya"}]},{"@type":"WebSite","@id":"https:\/\/larectoriadepalou.com\/#website","url":"https:\/\/larectoriadepalou.com\/","name":"","description":"Restaurant la Rectoria de Palou, Granollers, cuina de mercat amb productes de proximitat","potentialAction":[{"@type":"SearchAction","target":{"@type":"EntryPoint","urlTemplate":"https:\/\/larectoriadepalou.com\/?s={search_term_string}"},"query-input":"required name=search_term_string"}],"inLanguage":"es"},{"@type":"Person","@id":"https:\/\/larectoriadepalou.com\/#\/schema\/person\/de7d6c25e2c90e355672ac59146e33a1","name":"La Rectoria de Palou","image":{"@type":"ImageObject","inLanguage":"es","@id":"https:\/\/larectoriadepalou.com\/#\/schema\/person\/image\/","url":"https:\/\/secure.gravatar.com\/avatar\/d35d3f652d83da202b97147fa857ee5d?s=96&d=mm&r=g","contentUrl":"https:\/\/secure.gravatar.com\/avatar\/d35d3f652d83da202b97147fa857ee5d?s=96&d=mm&r=g","caption":"La Rectoria de Palou"},"sameAs":["http:\/\/localhost\/"],"url":"https:\/\/larectoriadepalou.com\/es\/author\/quico\/"}]}},"_links":{"self":[{"href":"https:\/\/larectoriadepalou.com\/es\/wp-json\/wp\/v2\/posts\/2002"}],"collection":[{"href":"https:\/\/larectoriadepalou.com\/es\/wp-json\/wp\/v2\/posts"}],"about":[{"href":"https:\/\/larectoriadepalou.com\/es\/wp-json\/wp\/v2\/types\/post"}],"author":[{"embeddable":true,"href":"https:\/\/larectoriadepalou.com\/es\/wp-json\/wp\/v2\/users\/2"}],"replies":[{"embeddable":true,"href":"https:\/\/larectoriadepalou.com\/es\/wp-json\/wp\/v2\/comments?post=2002"}],"version-history":[{"count":2,"href":"https:\/\/larectoriadepalou.com\/es\/wp-json\/wp\/v2\/posts\/2002\/revisions"}],"predecessor-version":[{"id":2019,"href":"https:\/\/larectoriadepalou.com\/es\/wp-json\/wp\/v2\/posts\/2002\/revisions\/2019"}],"wp:featuredmedia":[{"embeddable":true,"href":"https:\/\/larectoriadepalou.com\/es\/wp-json\/wp\/v2\/media\/2006"}],"wp:attachment":[{"href":"https:\/\/larectoriadepalou.com\/es\/wp-json\/wp\/v2\/media?parent=2002"}],"wp:term":[{"taxonomy":"category","embeddable":true,"href":"https:\/\/larectoriadepalou.com\/es\/wp-json\/wp\/v2\/categories?post=2002"},{"taxonomy":"post_tag","embeddable":true,"href":"https:\/\/larectoriadepalou.com\/es\/wp-json\/wp\/v2\/tags?post=2002"}],"curies":[{"name":"wp","href":"https:\/\/api.w.org\/{rel}","templated":true}]}}