{"id":2020,"date":"2023-05-02T13:18:55","date_gmt":"2023-05-02T11:18:55","guid":{"rendered":"http:\/\/www.larectoriadepalou.net\/?p=2020"},"modified":"2023-05-02T13:18:56","modified_gmt":"2023-05-02T11:18:56","slug":"roca-umbert-lespai-cultural-que-encanta-a-tots","status":"publish","type":"post","link":"https:\/\/larectoriadepalou.com\/es\/roca-umbert-lespai-cultural-que-encanta-a-tots\/","title":{"rendered":"Roca Umbert: El Espacio Cultural que Encanta a Todos"},"content":{"rendered":"<p>En la hist\u00f3rica ciudad de Granollers, ubicada en la provincia de Barcelona, hay un lugar que ha cautivado a los coros de los residentes y visitantes por igual: Roca Umbert. Este espacio cultural es un verdadero tesoro de la ciudad, que ofrece una amplia gama de actividades culturales y art\u00edsticas para todas las edades. En este art\u00edculo, exploraremos la riqueza de Roca Umbert y c\u00f3mo se ha convertido en un referente en el \u00e1mbito cultural de la regi\u00f3n.<\/p>\n\n\n\n<h2 class=\"wp-block-heading\">Un Paseo por la Historia<\/h2>\n\n\n\n<p>Roca Umbert debe su nombre a la antigua f\u00e1brica textil que ocupaba el edificio antes de su renovaci\u00f3n como espacio cultural. Esta f\u00e1brica, fundada en el siglo XIX, fue uno de los principales motores econ\u00f3micos de Granollers durante d\u00e9cadas. Sin embargo, con el paso del tiempo, la industria textil empez\u00f3 a decaer, y la f\u00e1brica cerr\u00f3 sus puertas en la d\u00e9cada de 1980.<\/p>\n\n\n\n<h2 class=\"wp-block-heading\">La Renovaci\u00f3n de un Espacio<\/h2>\n\n\n\n<p>En lugar de dejar que el edificio cayera al olvido, las autoridades locales decidieron transformarlo en un espacio cultural \u00fanico. Tras una renovaci\u00f3n esmerada, Roca Umbert abri\u00f3 sus puertas en 1999 y desde entonces se ha convertido en un importante centro cultural de la ciudad.<\/p>\n\n\n\n<h2 class=\"wp-block-heading\">Una Oferta Cultural Diversa<\/h2>\n\n\n\n<p>Uno de los aspectos m\u00e1s destacados de Roca Umbert es la diversidad de actividades culturales que ofrece. Desde exposiciones de arte contempor\u00e1neo a representaciones teatrales, pasando por conciertos, talleres y conferencias, hay algo para todos los gustos. Adem\u00e1s, el espacio cuenta con una sala de cine que proyecta pel\u00edculas independientes y cl\u00e1sicas, brindando a los cin\u00e9filos una experiencia \u00fanica.<\/p>\n\n\n\n<h2 class=\"wp-block-heading\">Impulsando el Talento Local<\/h2>\n\n\n\n<p>Roca Umbert tambi\u00e9n se ha ganado una reputaci\u00f3n como centro de soporte al talento local. Muchos artistas emergentes encuentran en este espacio una plataforma para mostrar su trabajo al p\u00fablico y establecer contactos en la industria art\u00edstica. Asimismo, se organizan regularmente concursos y eventos que fomentan la participaci\u00f3n activa de la comunidad en el mundo del arte y la cultura.<\/p>\n\n\n\n<h2 class=\"wp-block-heading\">Una Joya Arquitect\u00f3nica<\/h2>\n\n\n\n<p>Adem\u00e1s de su rica oferta cultural, Roca Umbert tambi\u00e9n destaca por su impresionante arquitectura. El edificio conserva elementos originales de la antigua f\u00e1brica textil, como las imponentes chimeneas y las estructuras de hierro. Estos elementos se combinan con espacios modernos y funcionales, creando un contraste visualmente atractivo. El dise\u00f1o arquitect\u00f3nico de Roca Umbert ha recibido elogios tanto a nivel nacional como internacional.<\/p>\n\n\n\n<h2 class=\"wp-block-heading\">Un Espacio para la Educaci\u00f3n<\/h2>\n\n\n\n<p>Roca Umbert no s\u00f3lo se enfoca en el entretenimiento y la cultura, sino que tambi\u00e9n se preocupa por la educaci\u00f3n. El espacio alberga una biblioteca con una amplia colecci\u00f3n de libros y recursos, que promueve la lectura y el aprendizaje a todas las edades. Adem\u00e1s, se organizan actividades educativas para escolares y estudiantes universitarios, brind\u00e1ndoles la oportunidad de expandir sus conocimientos y explorar diferentes disciplinas art\u00edsticas y culturales.<\/p>\n\n\n\n<h2 class=\"wp-block-heading\">Eventos Destacados<\/h2>\n\n\n\n<p>A lo largo del a\u00f1o, Roca Umbert acoge una serie de eventos destacados que atraen a visitantes de todas partes. Uno de los eventos m\u00e1s esperados es el Festival de Artes Esc\u00e9nicas, donde compa\u00f1\u00edas de teatro y danza de renombre nacional e internacional se presentan en sus escenarios. Tambi\u00e9n se celebran festivales de m\u00fasica, exposiciones tem\u00e1ticas y actividades especiales durante las fiestas locales.<\/p>\n\n\n\n<h2 class=\"wp-block-heading\">Espacios Vers\u00e1tiles<\/h2>\n\n\n\n<p><br>Roca Umbert cuenta con una variedad de espacios vers\u00e1tiles que se adaptan a diferentes necesidades. Desde salas de exposiciones hasta teatros, salas de conferencias y talleres, cada espacio est\u00e1 dise\u00f1ado para crear el ambiente perfecto para cada evento. La flexibilidad de estos espacios permite a Roca Umbert acoger eventos de diferentes tama\u00f1os y tem\u00e1ticas, brindando oportunidades para la creatividad y la innovaci\u00f3n.<\/p>\n\n\n\n<h2 class=\"wp-block-heading\">Accesibilidad y Participaci\u00f3n Comunitaria<\/h2>\n\n\n\n<p><br>Uno de los principios fundamentales de Roca Umbert es la accesibilidad y la participaci\u00f3n comunitaria. Se busca que el espacio sea inclusivo y abierto a todo el mundo, fomentando la participaci\u00f3n activa de la comunidad en la programaci\u00f3n y las actividades culturales. Se organizan visitas guiadas, charlas y talleres gratuitos, as\u00ed como actividades especiales para personas con discapacidades, asegurando que todo el mundo pueda disfrutar y aprovechar al m\u00e1ximo lo que Roca Umbert tiene para ofrecer.<\/p>\n\n\n\n<h2 class=\"wp-block-heading\">Conclusi\u00f3n<\/h2>\n\n\n\n<p><br>En resumen, Roca Umbert se ha convertido en un referente cultural en la ciudad de Granollers y m\u00e1s all\u00e1. La amplia oferta de actividades culturales, el compromiso con el talento local, la arquitectura impresionante y el enfoque en la educaci\u00f3n y la participaci\u00f3n comunitaria le convierten en un espacio \u00fanico y especial. Ya sea que buscas disfrutar de exposiciones art\u00edsticas, asistir a conciertos o sumergirte en el mundo del teatro, Roca Umbert tiene algo para todos. Es un lugar en el que la historia y la cultura se entrelazan y donde la creatividad y la expresi\u00f3n art\u00edstica encuentran su casa.<\/p>","protected":false},"excerpt":{"rendered":"<p>\u00bfEst\u00e1s buscando un lugar m\u00e1gico donde sumergirte en el mundo de la cultura y el arte? \u00a1No busques m\u00e1s! Roca Umbert es el destino perfecto para ti. Ubicado en la ciudad de Granollers, en Barcelona, este espacio cultural te sorprender\u00e1 con su diversa oferta y su ambiente acogedor. \u00a1Prep\u00e1rate para dejarte cautivar por todo lo que Roca Umbert tiene para ofrecer!<\/p>","protected":false},"author":2,"featured_media":2021,"comment_status":"open","ping_status":"open","sticky":false,"template":"","format":"standard","meta":{"_mi_skip_tracking":false,"_monsterinsights_sitenote_active":false,"_monsterinsights_sitenote_note":"","_monsterinsights_sitenote_category":0,"site-sidebar-layout":"default","site-content-layout":"default","ast-global-header-display":"","ast-banner-title-visibility":"","ast-main-header-display":"","ast-hfb-above-header-display":"","ast-hfb-below-header-display":"","ast-hfb-mobile-header-display":"","site-post-title":"","ast-breadcrumbs-content":"","ast-featured-img":"","footer-sml-layout":"","theme-transparent-header-meta":"","adv-header-id-meta":"","stick-header-meta":"","header-above-stick-meta":"","header-main-stick-meta":"","header-below-stick-meta":""},"categories":[1],"tags":[],"yoast_head":"<!-- This site is optimized with the Yoast SEO plugin v21.1 - https:\/\/yoast.com\/wordpress\/plugins\/seo\/ -->\n<title>Roca Umbert: L&#039;Espai Cultural que Encanta a Tots<\/title>\n<meta name=\"description\" content=\"Roca Umbert: L&#039;Espai Cultural que Encanta a Tots, t&#039;encantar\u00e0!\" \/>\n<meta name=\"robots\" content=\"index, follow, max-snippet:-1, max-image-preview:large, max-video-preview:-1\" \/>\n<link rel=\"canonical\" href=\"https:\/\/larectoriadepalou.com\/es\/roca-umbert-lespai-cultural-que-encanta-a-tots\/\" \/>\n<meta property=\"og:locale\" content=\"es_ES\" \/>\n<meta property=\"og:type\" content=\"article\" \/>\n<meta property=\"og:title\" content=\"Roca Umbert: L&#039;Espai Cultural que Encanta a Tots\" \/>\n<meta property=\"og:description\" content=\"Roca Umbert: L&#039;Espai Cultural que Encanta a Tots, t&#039;encantar\u00e0!\" \/>\n<meta property=\"og:url\" content=\"https:\/\/larectoriadepalou.com\/es\/roca-umbert-lespai-cultural-que-encanta-a-tots\/\" \/>\n<meta property=\"article:published_time\" content=\"2023-05-02T11:18:55+00:00\" \/>\n<meta property=\"article:modified_time\" content=\"2023-05-02T11:18:56+00:00\" \/>\n<meta property=\"og:image\" content=\"https:\/\/larectoriadepalou.com\/wp-content\/uploads\/la-rectoria-de-palou-roca-umbert.jpg\" \/>\n\t<meta property=\"og:image:width\" content=\"259\" \/>\n\t<meta property=\"og:image:height\" content=\"194\" \/>\n\t<meta property=\"og:image:type\" content=\"image\/jpeg\" \/>\n<meta name=\"author\" content=\"La Rectoria de Palou\" \/>\n<meta name=\"twitter:label1\" content=\"Escrito por\" \/>\n\t<meta name=\"twitter:data1\" content=\"La Rectoria de Palou\" \/>\n\t<meta name=\"twitter:label2\" content=\"Tiempo de lectura\" \/>\n\t<meta name=\"twitter:data2\" content=\"4 minutos\" \/>\n<script type=\"application\/ld+json\" class=\"yoast-schema-graph\">{\"@context\":\"https:\/\/schema.org\",\"@graph\":[{\"@type\":\"WebPage\",\"@id\":\"https:\/\/larectoriadepalou.com\/roca-umbert-lespai-cultural-que-encanta-a-tots\/\",\"url\":\"https:\/\/larectoriadepalou.com\/roca-umbert-lespai-cultural-que-encanta-a-tots\/\",\"name\":\"Roca Umbert: L'Espai Cultural que Encanta a Tots\",\"isPartOf\":{\"@id\":\"https:\/\/larectoriadepalou.com\/#website\"},\"datePublished\":\"2023-05-02T11:18:55+00:00\",\"dateModified\":\"2023-05-02T11:18:56+00:00\",\"author\":{\"@id\":\"https:\/\/larectoriadepalou.com\/#\/schema\/person\/de7d6c25e2c90e355672ac59146e33a1\"},\"description\":\"Roca Umbert: L'Espai Cultural que Encanta a Tots, t'encantar\u00e0!\",\"breadcrumb\":{\"@id\":\"https:\/\/larectoriadepalou.com\/roca-umbert-lespai-cultural-que-encanta-a-tots\/#breadcrumb\"},\"inLanguage\":\"es\",\"potentialAction\":[{\"@type\":\"ReadAction\",\"target\":[\"https:\/\/larectoriadepalou.com\/roca-umbert-lespai-cultural-que-encanta-a-tots\/\"]}]},{\"@type\":\"BreadcrumbList\",\"@id\":\"https:\/\/larectoriadepalou.com\/roca-umbert-lespai-cultural-que-encanta-a-tots\/#breadcrumb\",\"itemListElement\":[{\"@type\":\"ListItem\",\"position\":1,\"name\":\"Home\",\"item\":\"https:\/\/larectoriadepalou.com\/\"},{\"@type\":\"ListItem\",\"position\":2,\"name\":\"Roca Umbert: L&#8217;Espai Cultural que Encanta a Tots\"}]},{\"@type\":\"WebSite\",\"@id\":\"https:\/\/larectoriadepalou.com\/#website\",\"url\":\"https:\/\/larectoriadepalou.com\/\",\"name\":\"\",\"description\":\"Restaurant la Rectoria de Palou, Granollers, cuina de mercat amb productes de proximitat\",\"potentialAction\":[{\"@type\":\"SearchAction\",\"target\":{\"@type\":\"EntryPoint\",\"urlTemplate\":\"https:\/\/larectoriadepalou.com\/?s={search_term_string}\"},\"query-input\":\"required name=search_term_string\"}],\"inLanguage\":\"es\"},{\"@type\":\"Person\",\"@id\":\"https:\/\/larectoriadepalou.com\/#\/schema\/person\/de7d6c25e2c90e355672ac59146e33a1\",\"name\":\"La Rectoria de Palou\",\"image\":{\"@type\":\"ImageObject\",\"inLanguage\":\"es\",\"@id\":\"https:\/\/larectoriadepalou.com\/#\/schema\/person\/image\/\",\"url\":\"https:\/\/secure.gravatar.com\/avatar\/d35d3f652d83da202b97147fa857ee5d?s=96&d=mm&r=g\",\"contentUrl\":\"https:\/\/secure.gravatar.com\/avatar\/d35d3f652d83da202b97147fa857ee5d?s=96&d=mm&r=g\",\"caption\":\"La Rectoria de Palou\"},\"sameAs\":[\"http:\/\/localhost\/\"],\"url\":\"https:\/\/larectoriadepalou.com\/es\/author\/quico\/\"}]}<\/script>\n<!-- \/ Yoast SEO plugin. -->","yoast_head_json":{"title":"Roca Umbert: L'Espai Cultural que Encanta a Tots","description":"Roca Umbert: L'Espai Cultural que Encanta a Tots, t'encantar\u00e0!","robots":{"index":"index","follow":"follow","max-snippet":"max-snippet:-1","max-image-preview":"max-image-preview:large","max-video-preview":"max-video-preview:-1"},"canonical":"https:\/\/larectoriadepalou.com\/es\/roca-umbert-lespai-cultural-que-encanta-a-tots\/","og_locale":"es_ES","og_type":"article","og_title":"Roca Umbert: L'Espai Cultural que Encanta a Tots","og_description":"Roca Umbert: L'Espai Cultural que Encanta a Tots, t'encantar\u00e0!","og_url":"https:\/\/larectoriadepalou.com\/es\/roca-umbert-lespai-cultural-que-encanta-a-tots\/","article_published_time":"2023-05-02T11:18:55+00:00","article_modified_time":"2023-05-02T11:18:56+00:00","og_image":[{"width":259,"height":194,"url":"https:\/\/larectoriadepalou.com\/wp-content\/uploads\/la-rectoria-de-palou-roca-umbert.jpg","type":"image\/jpeg"}],"author":"La Rectoria de Palou","twitter_misc":{"Escrito por":"La Rectoria de Palou","Tiempo de lectura":"4 minutos"},"schema":{"@context":"https:\/\/schema.org","@graph":[{"@type":"WebPage","@id":"https:\/\/larectoriadepalou.com\/roca-umbert-lespai-cultural-que-encanta-a-tots\/","url":"https:\/\/larectoriadepalou.com\/roca-umbert-lespai-cultural-que-encanta-a-tots\/","name":"Roca Umbert: L'Espai Cultural que Encanta a Tots","isPartOf":{"@id":"https:\/\/larectoriadepalou.com\/#website"},"datePublished":"2023-05-02T11:18:55+00:00","dateModified":"2023-05-02T11:18:56+00:00","author":{"@id":"https:\/\/larectoriadepalou.com\/#\/schema\/person\/de7d6c25e2c90e355672ac59146e33a1"},"description":"Roca Umbert: L'Espai Cultural que Encanta a Tots, t'encantar\u00e0!","breadcrumb":{"@id":"https:\/\/larectoriadepalou.com\/roca-umbert-lespai-cultural-que-encanta-a-tots\/#breadcrumb"},"inLanguage":"es","potentialAction":[{"@type":"ReadAction","target":["https:\/\/larectoriadepalou.com\/roca-umbert-lespai-cultural-que-encanta-a-tots\/"]}]},{"@type":"BreadcrumbList","@id":"https:\/\/larectoriadepalou.com\/roca-umbert-lespai-cultural-que-encanta-a-tots\/#breadcrumb","itemListElement":[{"@type":"ListItem","position":1,"name":"Home","item":"https:\/\/larectoriadepalou.com\/"},{"@type":"ListItem","position":2,"name":"Roca Umbert: L&#8217;Espai Cultural que Encanta a Tots"}]},{"@type":"WebSite","@id":"https:\/\/larectoriadepalou.com\/#website","url":"https:\/\/larectoriadepalou.com\/","name":"","description":"Restaurant la Rectoria de Palou, Granollers, cuina de mercat amb productes de proximitat","potentialAction":[{"@type":"SearchAction","target":{"@type":"EntryPoint","urlTemplate":"https:\/\/larectoriadepalou.com\/?s={search_term_string}"},"query-input":"required name=search_term_string"}],"inLanguage":"es"},{"@type":"Person","@id":"https:\/\/larectoriadepalou.com\/#\/schema\/person\/de7d6c25e2c90e355672ac59146e33a1","name":"La Rectoria de Palou","image":{"@type":"ImageObject","inLanguage":"es","@id":"https:\/\/larectoriadepalou.com\/#\/schema\/person\/image\/","url":"https:\/\/secure.gravatar.com\/avatar\/d35d3f652d83da202b97147fa857ee5d?s=96&d=mm&r=g","contentUrl":"https:\/\/secure.gravatar.com\/avatar\/d35d3f652d83da202b97147fa857ee5d?s=96&d=mm&r=g","caption":"La Rectoria de Palou"},"sameAs":["http:\/\/localhost\/"],"url":"https:\/\/larectoriadepalou.com\/es\/author\/quico\/"}]}},"_links":{"self":[{"href":"https:\/\/larectoriadepalou.com\/es\/wp-json\/wp\/v2\/posts\/2020"}],"collection":[{"href":"https:\/\/larectoriadepalou.com\/es\/wp-json\/wp\/v2\/posts"}],"about":[{"href":"https:\/\/larectoriadepalou.com\/es\/wp-json\/wp\/v2\/types\/post"}],"author":[{"embeddable":true,"href":"https:\/\/larectoriadepalou.com\/es\/wp-json\/wp\/v2\/users\/2"}],"replies":[{"embeddable":true,"href":"https:\/\/larectoriadepalou.com\/es\/wp-json\/wp\/v2\/comments?post=2020"}],"version-history":[{"count":1,"href":"https:\/\/larectoriadepalou.com\/es\/wp-json\/wp\/v2\/posts\/2020\/revisions"}],"predecessor-version":[{"id":2022,"href":"https:\/\/larectoriadepalou.com\/es\/wp-json\/wp\/v2\/posts\/2020\/revisions\/2022"}],"wp:featuredmedia":[{"embeddable":true,"href":"https:\/\/larectoriadepalou.com\/es\/wp-json\/wp\/v2\/media\/2021"}],"wp:attachment":[{"href":"https:\/\/larectoriadepalou.com\/es\/wp-json\/wp\/v2\/media?parent=2020"}],"wp:term":[{"taxonomy":"category","embeddable":true,"href":"https:\/\/larectoriadepalou.com\/es\/wp-json\/wp\/v2\/categories?post=2020"},{"taxonomy":"post_tag","embeddable":true,"href":"https:\/\/larectoriadepalou.com\/es\/wp-json\/wp\/v2\/tags?post=2020"}],"curies":[{"name":"wp","href":"https:\/\/api.w.org\/{rel}","templated":true}]}}