{"id":2023,"date":"2023-05-02T13:38:18","date_gmt":"2023-05-02T11:38:18","guid":{"rendered":"http:\/\/www.larectoriadepalou.net\/?p=2023"},"modified":"2023-05-02T13:38:18","modified_gmt":"2023-05-02T11:38:18","slug":"sant-julia-de-palou-un-desti-magic-al-cor-de-la-natura","status":"publish","type":"post","link":"https:\/\/larectoriadepalou.com\/es\/sant-julia-de-palou-un-desti-magic-al-cor-de-la-natura\/","title":{"rendered":"Sant Juli\u00e0 de Palou: Un destino m\u00e1gico en el coraz\u00f3n de la naturaleza"},"content":{"rendered":"<p>Situado en un rinc\u00f3n id\u00edlico de la regi\u00f3n de Catalu\u00f1a, Sant Juli\u00e0 de Palou es un pueblo encantador que cautiva con su belleza natural y su rica historia. Rodeado de majestuosas monta\u00f1as y exuberantes paisajes, este destino pintoresco es un verdadero para\u00edso para aquellos que buscan desconectar de la rutina diaria y sumergirse en la tranquilidad y serenidad que s\u00f3lo la naturaleza puede ofrecer. En este art\u00edculo exploraremos los aspectos m\u00e1s destacados de Sant Juli\u00e0 de Palou y descubriremos por qu\u00e9 este pueblo es un tesoro escondido que merece la pena visitar.<\/p>\n\n\n\n<h2 class=\"wp-block-heading\">Un legado hist\u00f3rico que perdura en el tiempo<\/h2>\n\n\n\n<p>El pasado hist\u00f3rico de Sant Juli\u00e0 de Palou se remonta a siglos atr\u00e1s, y su riqueza cultural sigue siendo evidente en cada rinc\u00f3n del pueblo. En el centro del pueblo, podr\u00e1 encontrar la iglesia de Sant Juli\u00e0, una joya arquitect\u00f3nica que data del siglo XVII. Con su impresionante fachada y su interior decorado con detalles barrocos, la iglesia es un testimonio de la devoci\u00f3n religiosa y el talento art\u00edstico de tiempos pasados. Adem\u00e1s, el pueblo cuenta con un fascinante museo local, donde podr\u00e1s sumergirte en la historia y descubrir artefactos y documentos que cuentan la historia de Sant Juli\u00e0 de Palou a lo largo de los a\u00f1os.<\/p>\n\n\n\n<h2 class=\"wp-block-heading\">Naturaleza deslumbrante: Un para\u00edso para los amantes de la belleza natural<\/h2>\n\n\n\n<p>Sant Juli\u00e0 de Palou es un destino que deleita a los amantes de la naturaleza con sus impresionantes paisajes. Rodeado de monta\u00f1as imponentes y valles verdes, este pueblo es el punto de partida perfecto para descubrir sus alrededores buscando aventuras al aire libre. Puedes disfrutar de bellas caminatas por los senderos que serpentean por los bosques cercanos, respirar el aire puro mientras te maravillas con la diversidad de flora y fauna que encuentras en tu camino. Tambi\u00e9n puede hacer una excursi\u00f3n a los picos cercanos y ser recompensado con vistas panor\u00e1micas que le dejar\u00e1n sin aliento.<\/p>\n\n\n\n<h3 class=\"wp-block-heading\">Gastronom\u00eda local: Un deleite para el paladar<\/h3>\n\n\n\n<p>Uno de los aspectos m\u00e1s destacados de Sant Juli\u00e0 de Palou es su rica tradici\u00f3n culinaria. El pueblo cuenta con una variedad de restaurantes y bodegas donde podr\u00e1 saborear platos t\u00edpicos de la regi\u00f3n elaborados con ingredientes locales frescos y de alta calidad. No puedes dejar de probar la tradicional escudilla y carne de olla, un guiso abundante que combina carnes, embutidos y verduras, o el delicioso pan con tomate, un pan tostado frotado con tomate y aceite de oliva virgen extra. Adem\u00e1s, las bodegas locales ofrecen catas de vino donde puedes descubrir los sabores \u00fanicos de la regi\u00f3n y maridarlas con deliciosos quesos y embutidos.<\/p>\n\n\n\n<h3 class=\"wp-block-heading\">Actividades culturales: Sum\u00e9rgete en la cultura local<\/h3>\n\n\n\n<p>Adem\u00e1s de su belleza natural y su legado hist\u00f3rico, Sant Juli\u00e0 de Palou ofrece una variedad de actividades culturales que le permitir\u00e1n sumergirse en la aut\u00e9ntica esencia del pueblo. Puedes visitar la feria semanal, donde los agricultores y artesanos locales exhiben sus productos frescos y artesan\u00edas tradicionales. Tambi\u00e9n puede participar en festivales y eventos culturales que se celebran a lo largo del a\u00f1o, como la Fiesta Mayor, donde la m\u00fasica, la danza y las tradiciones locales cobran vida.<\/p>\n\n\n\n<h4 class=\"wp-block-heading\">Alojamiento acogedor: Encuentra tu refugio en Sant Juli\u00e0 de Palou<\/h4>\n\n\n\n<p>Cuando decida visitar Sant Juli\u00e0 de Palou, encontrar\u00e1 una amplia gama de opciones de alojamiento que se adaptan a sus necesidades y preferencias. Desde bed and breakfasts acogedores hasta lujosos hoteles boutique, el pueblo ofrece alojamiento de calidad donde podr\u00e1s relajarte y recargar energ\u00edas despu\u00e9s de un d\u00eda lleno de exploraci\u00f3n y aventura.<\/p>\n\n\n\n<h4 class=\"wp-block-heading\">Accesibilidad y ubicaci\u00f3n conveniente<\/h4>\n\n\n\n<p>A pesar de su ambiente tranquilo y apartado, Sant Juli\u00e0 de Palou cuenta con una ubicaci\u00f3n conveniente que facilita el acceso desde las principales ciudades y puntos de inter\u00e9s de la regi\u00f3n. Est\u00e1 situado a pocos kil\u00f3metros de la ciudad de Barcelona, lo que le convierte en un destino perfecto para una escapada de fin de semana. Adem\u00e1s, el pueblo cuenta con buenas conexiones de transporte p\u00fablico y carreteras bien mantenidas, facilitando el desplazamiento tanto en autom\u00f3vil como en transporte p\u00fablico.<\/p>\n\n\n\n<h2 class=\"wp-block-heading\">Conclusi\u00f3n:<\/h2>\n\n\n\n<p>Sant Juli\u00e0 de Palou es un destino m\u00e1gico que combina la belleza natural, el legado hist\u00f3rico y la calidez de su cultura local. Desde sus majestuosas monta\u00f1as hasta sus encantadoras calles empedradas, este pueblo cautiva a quienes le visitan con su encanto \u00fanico. Ya sea que est\u00e9s buscando una escapada relajante en medio de la naturaleza o quieras sumergirte en la historia y la cultura local, Sant Juli\u00e0 de Palou tiene algo especial que ofrecer. No pierdas la oportunidad de descubrir ese tesoro escondido y vivir una experiencia inolvidable en este destino maravilloso.<\/p>","protected":false},"excerpt":{"rendered":"<p>\u00a1Bienvenidos a Sant Juli\u00e0 de Palou, el destino m\u00e1gico que te har\u00e1 enamorarte de la naturaleza y la historia! En este art\u00edculo, te llevar\u00e9 de paseo por este encantador pueblo catal\u00e1n, donde encontrar\u00e1s monta\u00f1as imponentes, paisajes verdes y una riqueza cultural que te sorprender\u00e1.<\/p>","protected":false},"author":2,"featured_media":2030,"comment_status":"open","ping_status":"open","sticky":false,"template":"","format":"standard","meta":{"_mi_skip_tracking":false,"_monsterinsights_sitenote_active":false,"_monsterinsights_sitenote_note":"","_monsterinsights_sitenote_category":0,"site-sidebar-layout":"default","site-content-layout":"default","ast-global-header-display":"","ast-banner-title-visibility":"","ast-main-header-display":"","ast-hfb-above-header-display":"","ast-hfb-below-header-display":"","ast-hfb-mobile-header-display":"","site-post-title":"","ast-breadcrumbs-content":"","ast-featured-img":"","footer-sml-layout":"","theme-transparent-header-meta":"","adv-header-id-meta":"","stick-header-meta":"","header-above-stick-meta":"","header-main-stick-meta":"","header-below-stick-meta":""},"categories":[1],"tags":[],"yoast_head":"<!-- This site is optimized with the Yoast SEO plugin v21.1 - https:\/\/yoast.com\/wordpress\/plugins\/seo\/ -->\n<title>Sant Juli\u00e0 de Palou: Un dest\u00ed m\u00e0gic al cor de la natura<\/title>\n<meta name=\"description\" content=\"Sant Juli\u00e0 de Palou: Un dest\u00ed m\u00e0gic al cor de la natura, desconnecta del m\u00f2bil i reconnecta amb la natura!\" \/>\n<meta name=\"robots\" content=\"index, follow, max-snippet:-1, max-image-preview:large, max-video-preview:-1\" \/>\n<link rel=\"canonical\" href=\"https:\/\/larectoriadepalou.com\/es\/sant-julia-de-palou-un-desti-magic-al-cor-de-la-natura\/\" \/>\n<meta property=\"og:locale\" content=\"es_ES\" \/>\n<meta property=\"og:type\" content=\"article\" \/>\n<meta property=\"og:title\" content=\"Sant Juli\u00e0 de Palou: Un dest\u00ed m\u00e0gic al cor de la natura\" \/>\n<meta property=\"og:description\" content=\"Sant Juli\u00e0 de Palou: Un dest\u00ed m\u00e0gic al cor de la natura, desconnecta del m\u00f2bil i reconnecta amb la natura!\" \/>\n<meta property=\"og:url\" content=\"https:\/\/larectoriadepalou.com\/es\/sant-julia-de-palou-un-desti-magic-al-cor-de-la-natura\/\" \/>\n<meta property=\"article:published_time\" content=\"2023-05-02T11:38:18+00:00\" \/>\n<meta property=\"og:image\" content=\"https:\/\/larectoriadepalou.com\/wp-content\/uploads\/la-rectoria-de-palou-sant-julia-de-palou.jpg\" \/>\n\t<meta property=\"og:image:width\" content=\"194\" \/>\n\t<meta property=\"og:image:height\" content=\"259\" \/>\n\t<meta property=\"og:image:type\" content=\"image\/jpeg\" \/>\n<meta name=\"author\" content=\"La Rectoria de Palou\" \/>\n<meta name=\"twitter:label1\" content=\"Escrito por\" \/>\n\t<meta name=\"twitter:data1\" content=\"La Rectoria de Palou\" \/>\n\t<meta name=\"twitter:label2\" content=\"Tiempo de lectura\" \/>\n\t<meta name=\"twitter:data2\" content=\"4 minutos\" \/>\n<script type=\"application\/ld+json\" class=\"yoast-schema-graph\">{\"@context\":\"https:\/\/schema.org\",\"@graph\":[{\"@type\":\"WebPage\",\"@id\":\"https:\/\/larectoriadepalou.com\/sant-julia-de-palou-un-desti-magic-al-cor-de-la-natura\/\",\"url\":\"https:\/\/larectoriadepalou.com\/sant-julia-de-palou-un-desti-magic-al-cor-de-la-natura\/\",\"name\":\"Sant Juli\u00e0 de Palou: Un dest\u00ed m\u00e0gic al cor de la natura\",\"isPartOf\":{\"@id\":\"https:\/\/larectoriadepalou.com\/#website\"},\"datePublished\":\"2023-05-02T11:38:18+00:00\",\"dateModified\":\"2023-05-02T11:38:18+00:00\",\"author\":{\"@id\":\"https:\/\/larectoriadepalou.com\/#\/schema\/person\/de7d6c25e2c90e355672ac59146e33a1\"},\"description\":\"Sant Juli\u00e0 de Palou: Un dest\u00ed m\u00e0gic al cor de la natura, desconnecta del m\u00f2bil i reconnecta amb la natura!\",\"breadcrumb\":{\"@id\":\"https:\/\/larectoriadepalou.com\/sant-julia-de-palou-un-desti-magic-al-cor-de-la-natura\/#breadcrumb\"},\"inLanguage\":\"es\",\"potentialAction\":[{\"@type\":\"ReadAction\",\"target\":[\"https:\/\/larectoriadepalou.com\/sant-julia-de-palou-un-desti-magic-al-cor-de-la-natura\/\"]}]},{\"@type\":\"BreadcrumbList\",\"@id\":\"https:\/\/larectoriadepalou.com\/sant-julia-de-palou-un-desti-magic-al-cor-de-la-natura\/#breadcrumb\",\"itemListElement\":[{\"@type\":\"ListItem\",\"position\":1,\"name\":\"Home\",\"item\":\"https:\/\/larectoriadepalou.com\/\"},{\"@type\":\"ListItem\",\"position\":2,\"name\":\"Sant Juli\u00e0 de Palou: Un dest\u00ed m\u00e0gic al cor de la natura\"}]},{\"@type\":\"WebSite\",\"@id\":\"https:\/\/larectoriadepalou.com\/#website\",\"url\":\"https:\/\/larectoriadepalou.com\/\",\"name\":\"\",\"description\":\"Restaurant la Rectoria de Palou, Granollers, cuina de mercat amb productes de proximitat\",\"potentialAction\":[{\"@type\":\"SearchAction\",\"target\":{\"@type\":\"EntryPoint\",\"urlTemplate\":\"https:\/\/larectoriadepalou.com\/?s={search_term_string}\"},\"query-input\":\"required name=search_term_string\"}],\"inLanguage\":\"es\"},{\"@type\":\"Person\",\"@id\":\"https:\/\/larectoriadepalou.com\/#\/schema\/person\/de7d6c25e2c90e355672ac59146e33a1\",\"name\":\"La Rectoria de Palou\",\"image\":{\"@type\":\"ImageObject\",\"inLanguage\":\"es\",\"@id\":\"https:\/\/larectoriadepalou.com\/#\/schema\/person\/image\/\",\"url\":\"https:\/\/secure.gravatar.com\/avatar\/d35d3f652d83da202b97147fa857ee5d?s=96&d=mm&r=g\",\"contentUrl\":\"https:\/\/secure.gravatar.com\/avatar\/d35d3f652d83da202b97147fa857ee5d?s=96&d=mm&r=g\",\"caption\":\"La Rectoria de Palou\"},\"sameAs\":[\"http:\/\/localhost\/\"],\"url\":\"https:\/\/larectoriadepalou.com\/es\/author\/quico\/\"}]}<\/script>\n<!-- \/ Yoast SEO plugin. -->","yoast_head_json":{"title":"Sant Juli\u00e0 de Palou: Un dest\u00ed m\u00e0gic al cor de la natura","description":"Sant Juli\u00e0 de Palou: Un dest\u00ed m\u00e0gic al cor de la natura, desconnecta del m\u00f2bil i reconnecta amb la natura!","robots":{"index":"index","follow":"follow","max-snippet":"max-snippet:-1","max-image-preview":"max-image-preview:large","max-video-preview":"max-video-preview:-1"},"canonical":"https:\/\/larectoriadepalou.com\/es\/sant-julia-de-palou-un-desti-magic-al-cor-de-la-natura\/","og_locale":"es_ES","og_type":"article","og_title":"Sant Juli\u00e0 de Palou: Un dest\u00ed m\u00e0gic al cor de la natura","og_description":"Sant Juli\u00e0 de Palou: Un dest\u00ed m\u00e0gic al cor de la natura, desconnecta del m\u00f2bil i reconnecta amb la natura!","og_url":"https:\/\/larectoriadepalou.com\/es\/sant-julia-de-palou-un-desti-magic-al-cor-de-la-natura\/","article_published_time":"2023-05-02T11:38:18+00:00","og_image":[{"width":194,"height":259,"url":"https:\/\/larectoriadepalou.com\/wp-content\/uploads\/la-rectoria-de-palou-sant-julia-de-palou.jpg","type":"image\/jpeg"}],"author":"La Rectoria de Palou","twitter_misc":{"Escrito por":"La Rectoria de Palou","Tiempo de lectura":"4 minutos"},"schema":{"@context":"https:\/\/schema.org","@graph":[{"@type":"WebPage","@id":"https:\/\/larectoriadepalou.com\/sant-julia-de-palou-un-desti-magic-al-cor-de-la-natura\/","url":"https:\/\/larectoriadepalou.com\/sant-julia-de-palou-un-desti-magic-al-cor-de-la-natura\/","name":"Sant Juli\u00e0 de Palou: Un dest\u00ed m\u00e0gic al cor de la natura","isPartOf":{"@id":"https:\/\/larectoriadepalou.com\/#website"},"datePublished":"2023-05-02T11:38:18+00:00","dateModified":"2023-05-02T11:38:18+00:00","author":{"@id":"https:\/\/larectoriadepalou.com\/#\/schema\/person\/de7d6c25e2c90e355672ac59146e33a1"},"description":"Sant Juli\u00e0 de Palou: Un dest\u00ed m\u00e0gic al cor de la natura, desconnecta del m\u00f2bil i reconnecta amb la natura!","breadcrumb":{"@id":"https:\/\/larectoriadepalou.com\/sant-julia-de-palou-un-desti-magic-al-cor-de-la-natura\/#breadcrumb"},"inLanguage":"es","potentialAction":[{"@type":"ReadAction","target":["https:\/\/larectoriadepalou.com\/sant-julia-de-palou-un-desti-magic-al-cor-de-la-natura\/"]}]},{"@type":"BreadcrumbList","@id":"https:\/\/larectoriadepalou.com\/sant-julia-de-palou-un-desti-magic-al-cor-de-la-natura\/#breadcrumb","itemListElement":[{"@type":"ListItem","position":1,"name":"Home","item":"https:\/\/larectoriadepalou.com\/"},{"@type":"ListItem","position":2,"name":"Sant Juli\u00e0 de Palou: Un dest\u00ed m\u00e0gic al cor de la natura"}]},{"@type":"WebSite","@id":"https:\/\/larectoriadepalou.com\/#website","url":"https:\/\/larectoriadepalou.com\/","name":"","description":"Restaurant la Rectoria de Palou, Granollers, cuina de mercat amb productes de proximitat","potentialAction":[{"@type":"SearchAction","target":{"@type":"EntryPoint","urlTemplate":"https:\/\/larectoriadepalou.com\/?s={search_term_string}"},"query-input":"required name=search_term_string"}],"inLanguage":"es"},{"@type":"Person","@id":"https:\/\/larectoriadepalou.com\/#\/schema\/person\/de7d6c25e2c90e355672ac59146e33a1","name":"La Rectoria de Palou","image":{"@type":"ImageObject","inLanguage":"es","@id":"https:\/\/larectoriadepalou.com\/#\/schema\/person\/image\/","url":"https:\/\/secure.gravatar.com\/avatar\/d35d3f652d83da202b97147fa857ee5d?s=96&d=mm&r=g","contentUrl":"https:\/\/secure.gravatar.com\/avatar\/d35d3f652d83da202b97147fa857ee5d?s=96&d=mm&r=g","caption":"La Rectoria de Palou"},"sameAs":["http:\/\/localhost\/"],"url":"https:\/\/larectoriadepalou.com\/es\/author\/quico\/"}]}},"_links":{"self":[{"href":"https:\/\/larectoriadepalou.com\/es\/wp-json\/wp\/v2\/posts\/2023"}],"collection":[{"href":"https:\/\/larectoriadepalou.com\/es\/wp-json\/wp\/v2\/posts"}],"about":[{"href":"https:\/\/larectoriadepalou.com\/es\/wp-json\/wp\/v2\/types\/post"}],"author":[{"embeddable":true,"href":"https:\/\/larectoriadepalou.com\/es\/wp-json\/wp\/v2\/users\/2"}],"replies":[{"embeddable":true,"href":"https:\/\/larectoriadepalou.com\/es\/wp-json\/wp\/v2\/comments?post=2023"}],"version-history":[{"count":1,"href":"https:\/\/larectoriadepalou.com\/es\/wp-json\/wp\/v2\/posts\/2023\/revisions"}],"predecessor-version":[{"id":2031,"href":"https:\/\/larectoriadepalou.com\/es\/wp-json\/wp\/v2\/posts\/2023\/revisions\/2031"}],"wp:featuredmedia":[{"embeddable":true,"href":"https:\/\/larectoriadepalou.com\/es\/wp-json\/wp\/v2\/media\/2030"}],"wp:attachment":[{"href":"https:\/\/larectoriadepalou.com\/es\/wp-json\/wp\/v2\/media?parent=2023"}],"wp:term":[{"taxonomy":"category","embeddable":true,"href":"https:\/\/larectoriadepalou.com\/es\/wp-json\/wp\/v2\/categories?post=2023"},{"taxonomy":"post_tag","embeddable":true,"href":"https:\/\/larectoriadepalou.com\/es\/wp-json\/wp\/v2\/tags?post=2023"}],"curies":[{"name":"wp","href":"https:\/\/api.w.org\/{rel}","templated":true}]}}