{"id":874,"date":"2015-12-09T10:56:48","date_gmt":"2015-12-09T09:56:48","guid":{"rendered":"http:\/\/www.larectoriadepalou.net\/?p=874"},"modified":"2015-12-09T10:56:58","modified_gmt":"2015-12-09T09:56:58","slug":"un-tomb-per-la-vida","status":"publish","type":"post","link":"https:\/\/larectoriadepalou.com\/es\/un-tomb-per-la-vida\/","title":{"rendered":"Un paseo por la vida"},"content":{"rendered":"<h1>Un paseo por la vida<\/h1>\n<p>Uno de los s\u00e1bados del mes de octubre, tuvimos el placer de recibir a comer en la Rector\u00eda de Palou al amigo Josep Vilella y su esposa, miembro del reconocido colectivo de gastr\u00f3nomos CINCO A MESA, que desde hace a\u00f1os, dan su opini\u00f3n a LA VANGUARDIA sobre los restaurantes que visitan.<\/p>\n<p>Para nosotros, inmersos en la lucha diaria de tener que realizar nuestro trabajo bien hecho como cocineros y paralelamente cumplir con las dificultades que comporta gestionar con \u00e9xito una empresa hoy en d\u00eda, ha sido un est\u00edmulo.<\/p>\n<p>Aparte de la satisfacci\u00f3n que supone a nivel personal como cocinero, reafirma la convicci\u00f3n de estar haciendo bien el trabajo y que el camino escogido tiene sentido, avalado por la opini\u00f3n general sobre la autoridad de estos entendidos en el mundo de la gastronom\u00eda.<\/p>\n<p>Desde aqu\u00ed en nombre de Merc\u00e8, Quico y de todo el equipo damos las gracias por este reconocimiento que ayuda a mantener la ilusi\u00f3n por el oficio.<\/p>\n<p>&nbsp;<\/p>\n<h1><a href=\"https:\/\/larectoriadepalou.com\/wp-content\/uploads\/LA-VANGUARDIA-0014.jpg\"><img decoding=\"async\" loading=\"lazy\" class=\"alignnone size-medium wp-image-868\" src=\"https:\/\/larectoriadepalou.com\/wp-content\/uploads\/LA-VANGUARDIA-0014-300x300.jpg\" alt=\"LA VANGUARDIA 001\" width=\"300\" height=\"300\" \/><\/a><\/h1>","protected":false},"excerpt":{"rendered":"<p>Un tomb per la vida Un dels dissabtes del mes d\u2019octubre, vam tenir el plaer de rebre a dinar a la Rectoria de Palou l\u2019amic Josep Vilella i la seva esposa, membre del reconegut col\u00b7lectiu de gastr\u00f2noms CINC A TAULA, que des de fa anys, donen la seva opini\u00f3 a LA VANGUARDIA sobre els restaurants &hellip;<\/p>\n<p class=\"read-more\"> <a class=\"\" href=\"https:\/\/larectoriadepalou.com\/es\/un-tomb-per-la-vida\/\"> <span class=\"screen-reader-text\">Un paseo por la vida<\/span> Leer m\u00e1s &raquo;<\/a><\/p>","protected":false},"author":2,"featured_media":0,"comment_status":"open","ping_status":"open","sticky":false,"template":"","format":"standard","meta":{"_mi_skip_tracking":false,"_monsterinsights_sitenote_active":false,"_monsterinsights_sitenote_note":"","_monsterinsights_sitenote_category":0,"site-sidebar-layout":"default","site-content-layout":"default","ast-global-header-display":"","ast-banner-title-visibility":"","ast-main-header-display":"","ast-hfb-above-header-display":"","ast-hfb-below-header-display":"","ast-hfb-mobile-header-display":"","site-post-title":"","ast-breadcrumbs-content":"","ast-featured-img":"","footer-sml-layout":"","theme-transparent-header-meta":"","adv-header-id-meta":"","stick-header-meta":"","header-above-stick-meta":"","header-main-stick-meta":"","header-below-stick-meta":""},"categories":[1],"tags":[],"yoast_head":"<!-- This site is optimized with the Yoast SEO plugin v21.1 - https:\/\/yoast.com\/wordpress\/plugins\/seo\/ -->\n<title>Un tomb per la vida -<\/title>\n<meta name=\"robots\" content=\"index, follow, max-snippet:-1, max-image-preview:large, max-video-preview:-1\" \/>\n<link rel=\"canonical\" href=\"https:\/\/larectoriadepalou.com\/es\/un-tomb-per-la-vida\/\" \/>\n<meta property=\"og:locale\" content=\"es_ES\" \/>\n<meta property=\"og:type\" content=\"article\" \/>\n<meta property=\"og:title\" content=\"Un tomb per la vida -\" \/>\n<meta property=\"og:description\" content=\"Un tomb per la vida Un dels dissabtes del mes d\u2019octubre, vam tenir el plaer de rebre a dinar a la Rectoria de Palou l\u2019amic Josep Vilella i la seva esposa, membre del reconegut col\u00b7lectiu de gastr\u00f2noms CINC A TAULA, que des de fa anys, donen la seva opini\u00f3 a LA VANGUARDIA sobre els restaurants &hellip; Un tomb per la vida Leer m\u00e1s &raquo;\" \/>\n<meta property=\"og:url\" content=\"https:\/\/larectoriadepalou.com\/es\/un-tomb-per-la-vida\/\" \/>\n<meta property=\"article:published_time\" content=\"2015-12-09T09:56:48+00:00\" \/>\n<meta property=\"article:modified_time\" content=\"2015-12-09T09:56:58+00:00\" \/>\n<meta property=\"og:image\" content=\"https:\/\/larectoriadepalou.com\/wp-content\/uploads\/LA-VANGUARDIA-0014-300x300.jpg\" \/>\n<meta name=\"author\" content=\"La Rectoria de Palou\" \/>\n<meta name=\"twitter:label1\" content=\"Escrito por\" \/>\n\t<meta name=\"twitter:data1\" content=\"La Rectoria de Palou\" \/>\n\t<meta name=\"twitter:label2\" content=\"Tiempo de lectura\" \/>\n\t<meta name=\"twitter:data2\" content=\"1 minuto\" \/>\n<script type=\"application\/ld+json\" class=\"yoast-schema-graph\">{\"@context\":\"https:\/\/schema.org\",\"@graph\":[{\"@type\":\"WebPage\",\"@id\":\"https:\/\/larectoriadepalou.com\/un-tomb-per-la-vida\/\",\"url\":\"https:\/\/larectoriadepalou.com\/un-tomb-per-la-vida\/\",\"name\":\"Un tomb per la vida -\",\"isPartOf\":{\"@id\":\"https:\/\/larectoriadepalou.com\/#website\"},\"datePublished\":\"2015-12-09T09:56:48+00:00\",\"dateModified\":\"2015-12-09T09:56:58+00:00\",\"author\":{\"@id\":\"https:\/\/larectoriadepalou.com\/#\/schema\/person\/de7d6c25e2c90e355672ac59146e33a1\"},\"breadcrumb\":{\"@id\":\"https:\/\/larectoriadepalou.com\/un-tomb-per-la-vida\/#breadcrumb\"},\"inLanguage\":\"es\",\"potentialAction\":[{\"@type\":\"ReadAction\",\"target\":[\"https:\/\/larectoriadepalou.com\/un-tomb-per-la-vida\/\"]}]},{\"@type\":\"BreadcrumbList\",\"@id\":\"https:\/\/larectoriadepalou.com\/un-tomb-per-la-vida\/#breadcrumb\",\"itemListElement\":[{\"@type\":\"ListItem\",\"position\":1,\"name\":\"Home\",\"item\":\"https:\/\/larectoriadepalou.com\/\"},{\"@type\":\"ListItem\",\"position\":2,\"name\":\"Un tomb per la vida\"}]},{\"@type\":\"WebSite\",\"@id\":\"https:\/\/larectoriadepalou.com\/#website\",\"url\":\"https:\/\/larectoriadepalou.com\/\",\"name\":\"\",\"description\":\"Restaurant la Rectoria de Palou, Granollers, cuina de mercat amb productes de proximitat\",\"potentialAction\":[{\"@type\":\"SearchAction\",\"target\":{\"@type\":\"EntryPoint\",\"urlTemplate\":\"https:\/\/larectoriadepalou.com\/?s={search_term_string}\"},\"query-input\":\"required name=search_term_string\"}],\"inLanguage\":\"es\"},{\"@type\":\"Person\",\"@id\":\"https:\/\/larectoriadepalou.com\/#\/schema\/person\/de7d6c25e2c90e355672ac59146e33a1\",\"name\":\"La Rectoria de Palou\",\"image\":{\"@type\":\"ImageObject\",\"inLanguage\":\"es\",\"@id\":\"https:\/\/larectoriadepalou.com\/#\/schema\/person\/image\/\",\"url\":\"https:\/\/secure.gravatar.com\/avatar\/d35d3f652d83da202b97147fa857ee5d?s=96&d=mm&r=g\",\"contentUrl\":\"https:\/\/secure.gravatar.com\/avatar\/d35d3f652d83da202b97147fa857ee5d?s=96&d=mm&r=g\",\"caption\":\"La Rectoria de Palou\"},\"sameAs\":[\"http:\/\/localhost\/\"],\"url\":\"https:\/\/larectoriadepalou.com\/es\/author\/quico\/\"}]}<\/script>\n<!-- \/ Yoast SEO plugin. -->","yoast_head_json":{"title":"Un tomb per la vida -","robots":{"index":"index","follow":"follow","max-snippet":"max-snippet:-1","max-image-preview":"max-image-preview:large","max-video-preview":"max-video-preview:-1"},"canonical":"https:\/\/larectoriadepalou.com\/es\/un-tomb-per-la-vida\/","og_locale":"es_ES","og_type":"article","og_title":"Un tomb per la vida -","og_description":"Un tomb per la vida Un dels dissabtes del mes d\u2019octubre, vam tenir el plaer de rebre a dinar a la Rectoria de Palou l\u2019amic Josep Vilella i la seva esposa, membre del reconegut col\u00b7lectiu de gastr\u00f2noms CINC A TAULA, que des de fa anys, donen la seva opini\u00f3 a LA VANGUARDIA sobre els restaurants &hellip; Un tomb per la vida Leer m\u00e1s &raquo;","og_url":"https:\/\/larectoriadepalou.com\/es\/un-tomb-per-la-vida\/","article_published_time":"2015-12-09T09:56:48+00:00","article_modified_time":"2015-12-09T09:56:58+00:00","og_image":[{"url":"https:\/\/larectoriadepalou.com\/wp-content\/uploads\/LA-VANGUARDIA-0014-300x300.jpg"}],"author":"La Rectoria de Palou","twitter_misc":{"Escrito por":"La Rectoria de Palou","Tiempo de lectura":"1 minuto"},"schema":{"@context":"https:\/\/schema.org","@graph":[{"@type":"WebPage","@id":"https:\/\/larectoriadepalou.com\/un-tomb-per-la-vida\/","url":"https:\/\/larectoriadepalou.com\/un-tomb-per-la-vida\/","name":"Un tomb per la vida -","isPartOf":{"@id":"https:\/\/larectoriadepalou.com\/#website"},"datePublished":"2015-12-09T09:56:48+00:00","dateModified":"2015-12-09T09:56:58+00:00","author":{"@id":"https:\/\/larectoriadepalou.com\/#\/schema\/person\/de7d6c25e2c90e355672ac59146e33a1"},"breadcrumb":{"@id":"https:\/\/larectoriadepalou.com\/un-tomb-per-la-vida\/#breadcrumb"},"inLanguage":"es","potentialAction":[{"@type":"ReadAction","target":["https:\/\/larectoriadepalou.com\/un-tomb-per-la-vida\/"]}]},{"@type":"BreadcrumbList","@id":"https:\/\/larectoriadepalou.com\/un-tomb-per-la-vida\/#breadcrumb","itemListElement":[{"@type":"ListItem","position":1,"name":"Home","item":"https:\/\/larectoriadepalou.com\/"},{"@type":"ListItem","position":2,"name":"Un tomb per la vida"}]},{"@type":"WebSite","@id":"https:\/\/larectoriadepalou.com\/#website","url":"https:\/\/larectoriadepalou.com\/","name":"","description":"Restaurant la Rectoria de Palou, Granollers, cuina de mercat amb productes de proximitat","potentialAction":[{"@type":"SearchAction","target":{"@type":"EntryPoint","urlTemplate":"https:\/\/larectoriadepalou.com\/?s={search_term_string}"},"query-input":"required name=search_term_string"}],"inLanguage":"es"},{"@type":"Person","@id":"https:\/\/larectoriadepalou.com\/#\/schema\/person\/de7d6c25e2c90e355672ac59146e33a1","name":"La Rectoria de Palou","image":{"@type":"ImageObject","inLanguage":"es","@id":"https:\/\/larectoriadepalou.com\/#\/schema\/person\/image\/","url":"https:\/\/secure.gravatar.com\/avatar\/d35d3f652d83da202b97147fa857ee5d?s=96&d=mm&r=g","contentUrl":"https:\/\/secure.gravatar.com\/avatar\/d35d3f652d83da202b97147fa857ee5d?s=96&d=mm&r=g","caption":"La Rectoria de Palou"},"sameAs":["http:\/\/localhost\/"],"url":"https:\/\/larectoriadepalou.com\/es\/author\/quico\/"}]}},"_links":{"self":[{"href":"https:\/\/larectoriadepalou.com\/es\/wp-json\/wp\/v2\/posts\/874"}],"collection":[{"href":"https:\/\/larectoriadepalou.com\/es\/wp-json\/wp\/v2\/posts"}],"about":[{"href":"https:\/\/larectoriadepalou.com\/es\/wp-json\/wp\/v2\/types\/post"}],"author":[{"embeddable":true,"href":"https:\/\/larectoriadepalou.com\/es\/wp-json\/wp\/v2\/users\/2"}],"replies":[{"embeddable":true,"href":"https:\/\/larectoriadepalou.com\/es\/wp-json\/wp\/v2\/comments?post=874"}],"version-history":[{"count":1,"href":"https:\/\/larectoriadepalou.com\/es\/wp-json\/wp\/v2\/posts\/874\/revisions"}],"predecessor-version":[{"id":875,"href":"https:\/\/larectoriadepalou.com\/es\/wp-json\/wp\/v2\/posts\/874\/revisions\/875"}],"wp:attachment":[{"href":"https:\/\/larectoriadepalou.com\/es\/wp-json\/wp\/v2\/media?parent=874"}],"wp:term":[{"taxonomy":"category","embeddable":true,"href":"https:\/\/larectoriadepalou.com\/es\/wp-json\/wp\/v2\/categories?post=874"},{"taxonomy":"post_tag","embeddable":true,"href":"https:\/\/larectoriadepalou.com\/es\/wp-json\/wp\/v2\/tags?post=874"}],"curies":[{"name":"wp","href":"https:\/\/api.w.org\/{rel}","templated":true}]}}